{"id":7086,"date":"2018-07-27T11:40:00","date_gmt":"2018-07-27T09:40:00","guid":{"rendered":"https:\/\/www.helgaseewann.de\/2018\/07\/27\/glaube-liebe-hoffnung\/"},"modified":"2022-11-10T17:23:51","modified_gmt":"2022-11-10T16:23:51","slug":"glaube-liebe-hoffnung","status":"publish","type":"post","link":"https:\/\/www.helgaseewann.de\/en\/2018\/07\/27\/glaube-liebe-hoffnung\/","title":{"rendered":"Glaube Liebe Hoffnung"},"content":{"rendered":"\t\t<div data-elementor-type=\"wp-post\" data-elementor-id=\"7086\" class=\"elementor elementor-7086 elementor-502\" data-elementor-post-type=\"post\">\n\t\t\t\t\t\t\t\t\t<section class=\"elementor-section elementor-top-section elementor-element elementor-element-401e564e elementor-section-boxed elementor-section-height-default elementor-section-height-default\" data-id=\"401e564e\" data-element_type=\"section\" data-settings=\"{&quot;_ha_eqh_enable&quot;:false}\">\n\t\t\t\t\t\t<div class=\"elementor-container elementor-column-gap-default\">\n\t\t\t\t\t<div class=\"elementor-column elementor-col-100 elementor-top-column elementor-element elementor-element-33d784df\" data-id=\"33d784df\" data-element_type=\"column\">\n\t\t\t<div class=\"elementor-widget-wrap elementor-element-populated\">\n\t\t\t\t\t\t\t\t<div class=\"elementor-element elementor-element-160cd1d1 elementor-widget elementor-widget-text-editor\" data-id=\"160cd1d1\" data-element_type=\"widget\" data-widget_type=\"text-editor.default\">\n\t\t\t\t<div class=\"elementor-widget-container\">\n\t\t\t<style>\/*! elementor - v3.18.0 - 20-12-2023 *\/\n.elementor-widget-text-editor.elementor-drop-cap-view-stacked .elementor-drop-cap{background-color:#69727d;color:#fff}.elementor-widget-text-editor.elementor-drop-cap-view-framed .elementor-drop-cap{color:#69727d;border:3px solid;background-color:transparent}.elementor-widget-text-editor:not(.elementor-drop-cap-view-default) .elementor-drop-cap{margin-top:8px}.elementor-widget-text-editor:not(.elementor-drop-cap-view-default) .elementor-drop-cap-letter{width:1em;height:1em}.elementor-widget-text-editor .elementor-drop-cap{float:left;text-align:center;line-height:1;font-size:50px}.elementor-widget-text-editor .elementor-drop-cap-letter{display:inline-block}<\/style>\t\t\t\t<div>\n<p class=\"Standard1\"><span lang=\"EN-GB\"><strong>For the exhibition Glaube, Liebe, Hoffnung (Faith, Love, Hope),<\/strong> Helga Seewann danced for Prof. Kurt Huber (resistance fighter of the &#8220;White Rose&#8221;) on 27 July 2018 as part of the \u201cLong Night of the Churches\u201d in St. Johannes Evangelist, Lochham. The day of his execution was the 75th anniversary \u2013 two weeks before the performance.<\/span><\/p>\n<\/div>\n\t\t\t\t\t\t<\/div>\n\t\t\t\t<\/div>\n\t\t\t\t\t<\/div>\n\t\t<\/div>\n\t\t\t\t\t\t\t<\/div>\n\t\t<\/section>\n\t\t\t\t<section class=\"elementor-section elementor-top-section elementor-element elementor-element-3c4aa1f6 elementor-reverse-mobile elementor-section-boxed elementor-section-height-default elementor-section-height-default\" data-id=\"3c4aa1f6\" data-element_type=\"section\" data-settings=\"{&quot;_ha_eqh_enable&quot;:false}\">\n\t\t\t\t\t\t<div class=\"elementor-container elementor-column-gap-default\">\n\t\t\t\t\t<div class=\"elementor-column elementor-col-50 elementor-top-column elementor-element elementor-element-698d6cfe\" data-id=\"698d6cfe\" data-element_type=\"column\">\n\t\t\t<div class=\"elementor-widget-wrap elementor-element-populated\">\n\t\t\t\t\t\t\t\t<div class=\"elementor-element elementor-element-7e150aa elementor-widget elementor-widget-image\" data-id=\"7e150aa\" data-element_type=\"widget\" data-widget_type=\"image.default\">\n\t\t\t\t<div class=\"elementor-widget-container\">\n\t\t\t<style>\/*! elementor - v3.18.0 - 20-12-2023 *\/\n.elementor-widget-image{text-align:center}.elementor-widget-image a{display:inline-block}.elementor-widget-image a img[src$=\".svg\"]{width:48px}.elementor-widget-image img{vertical-align:middle;display:inline-block}<\/style>\t\t\t\t\t\t\t\t\t\t\t\t<img fetchpriority=\"high\" decoding=\"async\" width=\"683\" height=\"1024\" src=\"https:\/\/www.helgaseewann.de\/wp-content\/uploads\/2022\/03\/gedenktanz-kurt-huber-helga-seewann-9-683x1024.jpg\" class=\"attachment-large size-large wp-image-6831\" alt=\"\" srcset=\"https:\/\/www.helgaseewann.de\/wp-content\/uploads\/2022\/03\/gedenktanz-kurt-huber-helga-seewann-9-683x1024.jpg 683w, https:\/\/www.helgaseewann.de\/wp-content\/uploads\/2022\/03\/gedenktanz-kurt-huber-helga-seewann-9-200x300.jpg 200w, https:\/\/www.helgaseewann.de\/wp-content\/uploads\/2022\/03\/gedenktanz-kurt-huber-helga-seewann-9-768x1152.jpg 768w, https:\/\/www.helgaseewann.de\/wp-content\/uploads\/2022\/03\/gedenktanz-kurt-huber-helga-seewann-9-1024x1536.jpg 1024w, https:\/\/www.helgaseewann.de\/wp-content\/uploads\/2022\/03\/gedenktanz-kurt-huber-helga-seewann-9-1365x2048.jpg 1365w, https:\/\/www.helgaseewann.de\/wp-content\/uploads\/2022\/03\/gedenktanz-kurt-huber-helga-seewann-9.jpg 1500w\" sizes=\"(max-width: 683px) 100vw, 683px\" \/>\t\t\t\t\t\t\t\t\t\t\t\t\t\t\t<\/div>\n\t\t\t\t<\/div>\n\t\t\t\t\t<\/div>\n\t\t<\/div>\n\t\t\t\t<div class=\"elementor-column elementor-col-50 elementor-top-column elementor-element elementor-element-7f3edc05\" data-id=\"7f3edc05\" data-element_type=\"column\">\n\t\t\t<div class=\"elementor-widget-wrap elementor-element-populated\">\n\t\t\t\t\t\t\t\t<div class=\"elementor-element elementor-element-7645b468 elementor-widget elementor-widget-heading\" data-id=\"7645b468\" data-element_type=\"widget\" data-widget_type=\"heading.default\">\n\t\t\t\t<div class=\"elementor-widget-container\">\n\t\t\t<style>\/*! elementor - v3.18.0 - 20-12-2023 *\/\n.elementor-heading-title{padding:0;margin:0;line-height:1}.elementor-widget-heading .elementor-heading-title[class*=elementor-size-]>a{color:inherit;font-size:inherit;line-height:inherit}.elementor-widget-heading .elementor-heading-title.elementor-size-small{font-size:15px}.elementor-widget-heading .elementor-heading-title.elementor-size-medium{font-size:19px}.elementor-widget-heading .elementor-heading-title.elementor-size-large{font-size:29px}.elementor-widget-heading .elementor-heading-title.elementor-size-xl{font-size:39px}.elementor-widget-heading .elementor-heading-title.elementor-size-xxl{font-size:59px}<\/style><h2 class=\"elementor-heading-title elementor-size-default\">TYPE<\/h2>\t\t<\/div>\n\t\t\t\t<\/div>\n\t\t\t\t<div class=\"elementor-element elementor-element-79f57dc2 elementor-widget elementor-widget-text-editor\" data-id=\"79f57dc2\" data-element_type=\"widget\" data-widget_type=\"text-editor.default\">\n\t\t\t\t<div class=\"elementor-widget-container\">\n\t\t\t\t\t\t\t<p><strong>Memorial dance<\/strong><\/p>\n\t\t\t\t\t\t<\/div>\n\t\t\t\t<\/div>\n\t\t\t\t<div class=\"elementor-element elementor-element-44fbd175 elementor-widget elementor-widget-heading\" data-id=\"44fbd175\" data-element_type=\"widget\" data-widget_type=\"heading.default\">\n\t\t\t\t<div class=\"elementor-widget-container\">\n\t\t\t<h2 class=\"elementor-heading-title elementor-size-default\">DATE<\/h2>\t\t<\/div>\n\t\t\t\t<\/div>\n\t\t\t\t<div class=\"elementor-element elementor-element-63d55b0e elementor-widget elementor-widget-text-editor\" data-id=\"63d55b0e\" data-element_type=\"widget\" data-widget_type=\"text-editor.default\">\n\t\t\t\t<div class=\"elementor-widget-container\">\n\t\t\t\t\t\t\t<p><strong>27.07.2018  <\/strong><\/p>\n\t\t\t\t\t\t<\/div>\n\t\t\t\t<\/div>\n\t\t\t\t<div class=\"elementor-element elementor-element-5f496ba9 elementor-widget elementor-widget-heading\" data-id=\"5f496ba9\" data-element_type=\"widget\" data-widget_type=\"heading.default\">\n\t\t\t\t<div class=\"elementor-widget-container\">\n\t\t\t<h2 class=\"elementor-heading-title elementor-size-default\">LOCATION<\/h2>\t\t<\/div>\n\t\t\t\t<\/div>\n\t\t\t\t<div class=\"elementor-element elementor-element-2e0c4028 elementor-widget elementor-widget-text-editor\" data-id=\"2e0c4028\" data-element_type=\"widget\" data-widget_type=\"text-editor.default\">\n\t\t\t\t<div class=\"elementor-widget-container\">\n\t\t\t\t\t\t\t<p><strong>St. Johannes Evangelist,<br \/>Lochham<\/strong><\/p>\n\t\t\t\t\t\t<\/div>\n\t\t\t\t<\/div>\n\t\t\t\t<div class=\"elementor-element elementor-element-a3200da elementor-widget elementor-widget-heading\" data-id=\"a3200da\" data-element_type=\"widget\" data-widget_type=\"heading.default\">\n\t\t\t\t<div class=\"elementor-widget-container\">\n\t\t\t<h2 class=\"elementor-heading-title elementor-size-default\">ARCHIVE<\/h2>\t\t<\/div>\n\t\t\t\t<\/div>\n\t\t\t\t<div class=\"elementor-element elementor-element-8518954 elementor-align-left elementor-widget elementor-widget-button\" data-id=\"8518954\" data-element_type=\"widget\" data-widget_type=\"button.default\">\n\t\t\t\t<div class=\"elementor-widget-container\">\n\t\t\t\t\t<div class=\"elementor-button-wrapper\">\n\t\t\t<a class=\"elementor-button elementor-button-link elementor-size-xl\" href=\"https:\/\/vimeo.com\/manage\/videos\/291465911\">\n\t\t\t\t\t\t<span class=\"elementor-button-content-wrapper\">\n\t\t\t\t\t\t<span class=\"elementor-button-icon elementor-align-icon-right\">\n\t\t\t\t<svg xmlns=\"http:\/\/www.w3.org\/2000\/svg\" viewBox=\"0 0 280.93 77.96\"><defs><style>.d{fill:none;stroke:#141412;stroke-width:9.53px;}<\/style><\/defs><g id=\"a\"><\/g><g id=\"b\"><g id=\"c\"><g><line class=\"d\" y1=\"39\" x2=\"273.93\" y2=\"39\"><\/line><polyline class=\"d\" points=\"235.77 3.49 273.93 39 235.77 74.47\"><\/polyline><\/g><\/g><\/g><\/svg>\t\t\t<\/span>\n\t\t\t\t\t\t<span class=\"elementor-button-text\">Film on Vimeo<\/span>\n\t\t<\/span>\n\t\t\t\t\t<\/a>\n\t\t<\/div>\n\t\t\t\t<\/div>\n\t\t\t\t<\/div>\n\t\t\t\t\t<\/div>\n\t\t<\/div>\n\t\t\t\t\t\t\t<\/div>\n\t\t<\/section>\n\t\t\t\t<section class=\"elementor-section elementor-top-section elementor-element elementor-element-2743142c elementor-section-boxed elementor-section-height-default elementor-section-height-default\" data-id=\"2743142c\" data-element_type=\"section\" data-settings=\"{&quot;_ha_eqh_enable&quot;:false}\">\n\t\t\t\t\t\t<div class=\"elementor-container elementor-column-gap-default\">\n\t\t\t\t\t<div class=\"elementor-column elementor-col-50 elementor-top-column elementor-element elementor-element-4e611f51\" data-id=\"4e611f51\" data-element_type=\"column\">\n\t\t\t<div class=\"elementor-widget-wrap elementor-element-populated\">\n\t\t\t\t\t\t\t\t<div class=\"elementor-element elementor-element-1fad4a76 elementor-widget elementor-widget-image\" data-id=\"1fad4a76\" data-element_type=\"widget\" data-widget_type=\"image.default\">\n\t\t\t\t<div class=\"elementor-widget-container\">\n\t\t\t\t\t\t\t\t\t\t\t\t\t\t\t<img decoding=\"async\" width=\"800\" height=\"533\" src=\"https:\/\/www.helgaseewann.de\/wp-content\/uploads\/2022\/03\/gedenktanz-kurt-huber-helga-seewann-12-1024x682.jpg\" class=\"attachment-large size-large wp-image-6833\" alt=\"\" srcset=\"https:\/\/www.helgaseewann.de\/wp-content\/uploads\/2022\/03\/gedenktanz-kurt-huber-helga-seewann-12-1024x682.jpg 1024w, https:\/\/www.helgaseewann.de\/wp-content\/uploads\/2022\/03\/gedenktanz-kurt-huber-helga-seewann-12-300x200.jpg 300w, https:\/\/www.helgaseewann.de\/wp-content\/uploads\/2022\/03\/gedenktanz-kurt-huber-helga-seewann-12-768x512.jpg 768w, https:\/\/www.helgaseewann.de\/wp-content\/uploads\/2022\/03\/gedenktanz-kurt-huber-helga-seewann-12-1536x1024.jpg 1536w, https:\/\/www.helgaseewann.de\/wp-content\/uploads\/2022\/03\/gedenktanz-kurt-huber-helga-seewann-12.jpg 2000w\" sizes=\"(max-width: 800px) 100vw, 800px\" \/>\t\t\t\t\t\t\t\t\t\t\t\t\t\t\t<\/div>\n\t\t\t\t<\/div>\n\t\t\t\t<div class=\"elementor-element elementor-element-15b7fe2e elementor-widget elementor-widget-image\" data-id=\"15b7fe2e\" data-element_type=\"widget\" data-widget_type=\"image.default\">\n\t\t\t\t<div class=\"elementor-widget-container\">\n\t\t\t\t\t\t\t\t\t\t\t\t\t\t\t<img decoding=\"async\" width=\"800\" height=\"800\" src=\"https:\/\/www.helgaseewann.de\/wp-content\/uploads\/2022\/03\/logo-glaube-liebe-hoffnung.jpg\" class=\"attachment-large size-large wp-image-6834\" alt=\"\" srcset=\"https:\/\/www.helgaseewann.de\/wp-content\/uploads\/2022\/03\/logo-glaube-liebe-hoffnung.jpg 800w, https:\/\/www.helgaseewann.de\/wp-content\/uploads\/2022\/03\/logo-glaube-liebe-hoffnung-300x300.jpg 300w, https:\/\/www.helgaseewann.de\/wp-content\/uploads\/2022\/03\/logo-glaube-liebe-hoffnung-150x150.jpg 150w, https:\/\/www.helgaseewann.de\/wp-content\/uploads\/2022\/03\/logo-glaube-liebe-hoffnung-768x768.jpg 768w\" sizes=\"(max-width: 800px) 100vw, 800px\" \/>\t\t\t\t\t\t\t\t\t\t\t\t\t\t\t<\/div>\n\t\t\t\t<\/div>\n\t\t\t\t\t<\/div>\n\t\t<\/div>\n\t\t\t\t<div class=\"elementor-column elementor-col-50 elementor-top-column elementor-element elementor-element-1344689\" data-id=\"1344689\" data-element_type=\"column\">\n\t\t\t<div class=\"elementor-widget-wrap elementor-element-populated\">\n\t\t\t\t\t\t\t\t<div class=\"elementor-element elementor-element-5f1c18ad elementor-widget elementor-widget-image\" data-id=\"5f1c18ad\" data-element_type=\"widget\" data-widget_type=\"image.default\">\n\t\t\t\t<div class=\"elementor-widget-container\">\n\t\t\t\t\t\t\t\t\t\t\t\t\t\t\t<img loading=\"lazy\" decoding=\"async\" width=\"800\" height=\"533\" src=\"https:\/\/www.helgaseewann.de\/wp-content\/uploads\/2022\/03\/gedenktanz-kurt-huber-helga-seewann-10-1024x682.jpg\" class=\"attachment-large size-large wp-image-6832\" alt=\"\" srcset=\"https:\/\/www.helgaseewann.de\/wp-content\/uploads\/2022\/03\/gedenktanz-kurt-huber-helga-seewann-10-1024x682.jpg 1024w, https:\/\/www.helgaseewann.de\/wp-content\/uploads\/2022\/03\/gedenktanz-kurt-huber-helga-seewann-10-300x200.jpg 300w, https:\/\/www.helgaseewann.de\/wp-content\/uploads\/2022\/03\/gedenktanz-kurt-huber-helga-seewann-10-768x512.jpg 768w, https:\/\/www.helgaseewann.de\/wp-content\/uploads\/2022\/03\/gedenktanz-kurt-huber-helga-seewann-10-1536x1024.jpg 1536w, https:\/\/www.helgaseewann.de\/wp-content\/uploads\/2022\/03\/gedenktanz-kurt-huber-helga-seewann-10.jpg 2000w\" sizes=\"(max-width: 800px) 100vw, 800px\" \/>\t\t\t\t\t\t\t\t\t\t\t\t\t\t\t<\/div>\n\t\t\t\t<\/div>\n\t\t\t\t\t<\/div>\n\t\t<\/div>\n\t\t\t\t\t\t\t<\/div>\n\t\t<\/section>\n\t\t\t\t<section class=\"elementor-section elementor-top-section elementor-element elementor-element-1c7ec659 elementor-section-boxed elementor-section-height-default elementor-section-height-default\" data-id=\"1c7ec659\" data-element_type=\"section\" data-settings=\"{&quot;_ha_eqh_enable&quot;:false}\">\n\t\t\t\t\t\t<div class=\"elementor-container elementor-column-gap-default\">\n\t\t\t\t\t<div class=\"elementor-column elementor-col-50 elementor-top-column elementor-element elementor-element-4521ebfb\" data-id=\"4521ebfb\" data-element_type=\"column\">\n\t\t\t<div class=\"elementor-widget-wrap elementor-element-populated\">\n\t\t\t\t\t\t\t\t<div class=\"elementor-element elementor-element-5e60b1b8 elementor-widget elementor-widget-image\" data-id=\"5e60b1b8\" data-element_type=\"widget\" data-widget_type=\"image.default\">\n\t\t\t\t<div class=\"elementor-widget-container\">\n\t\t\t\t\t\t\t\t\t\t\t\t\t\t\t<img loading=\"lazy\" decoding=\"async\" width=\"800\" height=\"600\" src=\"https:\/\/www.helgaseewann.de\/wp-content\/uploads\/2022\/03\/gedenktanz-kurt-huber-helga-seewann-1-1024x768.jpg\" class=\"attachment-large size-large wp-image-6823\" alt=\"\" srcset=\"https:\/\/www.helgaseewann.de\/wp-content\/uploads\/2022\/03\/gedenktanz-kurt-huber-helga-seewann-1-1024x768.jpg 1024w, https:\/\/www.helgaseewann.de\/wp-content\/uploads\/2022\/03\/gedenktanz-kurt-huber-helga-seewann-1-300x225.jpg 300w, https:\/\/www.helgaseewann.de\/wp-content\/uploads\/2022\/03\/gedenktanz-kurt-huber-helga-seewann-1-768x576.jpg 768w, https:\/\/www.helgaseewann.de\/wp-content\/uploads\/2022\/03\/gedenktanz-kurt-huber-helga-seewann-1-1536x1152.jpg 1536w, https:\/\/www.helgaseewann.de\/wp-content\/uploads\/2022\/03\/gedenktanz-kurt-huber-helga-seewann-1-2048x1536.jpg 2048w\" sizes=\"(max-width: 800px) 100vw, 800px\" \/>\t\t\t\t\t\t\t\t\t\t\t\t\t\t\t<\/div>\n\t\t\t\t<\/div>\n\t\t\t\t\t<\/div>\n\t\t<\/div>\n\t\t\t\t<div class=\"elementor-column elementor-col-50 elementor-top-column elementor-element elementor-element-43a7e3f\" data-id=\"43a7e3f\" data-element_type=\"column\">\n\t\t\t<div class=\"elementor-widget-wrap elementor-element-populated\">\n\t\t\t\t\t\t\t\t<div class=\"elementor-element elementor-element-dd86501 elementor-widget elementor-widget-image\" data-id=\"dd86501\" data-element_type=\"widget\" data-widget_type=\"image.default\">\n\t\t\t\t<div class=\"elementor-widget-container\">\n\t\t\t\t\t\t\t\t\t\t\t\t\t\t\t<img loading=\"lazy\" decoding=\"async\" width=\"683\" height=\"1024\" src=\"https:\/\/www.helgaseewann.de\/wp-content\/uploads\/2022\/03\/gedenktanz-kurt-huber-helga-seewann-3-683x1024.jpg\" class=\"attachment-large size-large wp-image-6825\" alt=\"\" srcset=\"https:\/\/www.helgaseewann.de\/wp-content\/uploads\/2022\/03\/gedenktanz-kurt-huber-helga-seewann-3-683x1024.jpg 683w, https:\/\/www.helgaseewann.de\/wp-content\/uploads\/2022\/03\/gedenktanz-kurt-huber-helga-seewann-3-200x300.jpg 200w, https:\/\/www.helgaseewann.de\/wp-content\/uploads\/2022\/03\/gedenktanz-kurt-huber-helga-seewann-3-768x1152.jpg 768w, https:\/\/www.helgaseewann.de\/wp-content\/uploads\/2022\/03\/gedenktanz-kurt-huber-helga-seewann-3-1024x1536.jpg 1024w, https:\/\/www.helgaseewann.de\/wp-content\/uploads\/2022\/03\/gedenktanz-kurt-huber-helga-seewann-3-1365x2048.jpg 1365w, https:\/\/www.helgaseewann.de\/wp-content\/uploads\/2022\/03\/gedenktanz-kurt-huber-helga-seewann-3.jpg 1500w\" sizes=\"(max-width: 683px) 100vw, 683px\" \/>\t\t\t\t\t\t\t\t\t\t\t\t\t\t\t<\/div>\n\t\t\t\t<\/div>\n\t\t\t\t\t<\/div>\n\t\t<\/div>\n\t\t\t\t\t\t\t<\/div>\n\t\t<\/section>\n\t\t\t\t<section class=\"elementor-section elementor-top-section elementor-element elementor-element-cb39396 elementor-section-boxed elementor-section-height-default elementor-section-height-default\" data-id=\"cb39396\" data-element_type=\"section\" data-settings=\"{&quot;_ha_eqh_enable&quot;:false}\">\n\t\t\t\t\t\t<div class=\"elementor-container elementor-column-gap-default\">\n\t\t\t\t\t<div class=\"elementor-column elementor-col-50 elementor-top-column elementor-element elementor-element-0803355\" data-id=\"0803355\" data-element_type=\"column\">\n\t\t\t<div class=\"elementor-widget-wrap elementor-element-populated\">\n\t\t\t\t\t\t\t\t<div class=\"elementor-element elementor-element-02f817d elementor-widget elementor-widget-image\" data-id=\"02f817d\" data-element_type=\"widget\" data-widget_type=\"image.default\">\n\t\t\t\t<div class=\"elementor-widget-container\">\n\t\t\t\t\t\t\t\t\t\t\t\t\t\t\t<img loading=\"lazy\" decoding=\"async\" width=\"800\" height=\"533\" src=\"https:\/\/www.helgaseewann.de\/wp-content\/uploads\/2022\/03\/gedenktanz-kurt-huber-helga-seewann-2-1024x682.jpg\" class=\"attachment-large size-large wp-image-6824\" alt=\"\" srcset=\"https:\/\/www.helgaseewann.de\/wp-content\/uploads\/2022\/03\/gedenktanz-kurt-huber-helga-seewann-2-1024x682.jpg 1024w, https:\/\/www.helgaseewann.de\/wp-content\/uploads\/2022\/03\/gedenktanz-kurt-huber-helga-seewann-2-300x200.jpg 300w, https:\/\/www.helgaseewann.de\/wp-content\/uploads\/2022\/03\/gedenktanz-kurt-huber-helga-seewann-2-768x512.jpg 768w, https:\/\/www.helgaseewann.de\/wp-content\/uploads\/2022\/03\/gedenktanz-kurt-huber-helga-seewann-2-1536x1024.jpg 1536w, https:\/\/www.helgaseewann.de\/wp-content\/uploads\/2022\/03\/gedenktanz-kurt-huber-helga-seewann-2.jpg 2000w\" sizes=\"(max-width: 800px) 100vw, 800px\" \/>\t\t\t\t\t\t\t\t\t\t\t\t\t\t\t<\/div>\n\t\t\t\t<\/div>\n\t\t\t\t\t<\/div>\n\t\t<\/div>\n\t\t\t\t<div class=\"elementor-column elementor-col-50 elementor-top-column elementor-element elementor-element-cf090f5\" data-id=\"cf090f5\" data-element_type=\"column\">\n\t\t\t<div class=\"elementor-widget-wrap elementor-element-populated\">\n\t\t\t\t\t\t\t\t<div class=\"elementor-element elementor-element-d3c3051 elementor-widget elementor-widget-image\" data-id=\"d3c3051\" data-element_type=\"widget\" data-widget_type=\"image.default\">\n\t\t\t\t<div class=\"elementor-widget-container\">\n\t\t\t\t\t\t\t\t\t\t\t\t\t\t\t<img loading=\"lazy\" decoding=\"async\" width=\"683\" height=\"1024\" src=\"https:\/\/www.helgaseewann.de\/wp-content\/uploads\/2022\/03\/gedenktanz-kurt-huber-helga-seewann-6-683x1024.jpg\" class=\"attachment-large size-large wp-image-6828\" alt=\"\" srcset=\"https:\/\/www.helgaseewann.de\/wp-content\/uploads\/2022\/03\/gedenktanz-kurt-huber-helga-seewann-6-683x1024.jpg 683w, https:\/\/www.helgaseewann.de\/wp-content\/uploads\/2022\/03\/gedenktanz-kurt-huber-helga-seewann-6-200x300.jpg 200w, https:\/\/www.helgaseewann.de\/wp-content\/uploads\/2022\/03\/gedenktanz-kurt-huber-helga-seewann-6-768x1152.jpg 768w, https:\/\/www.helgaseewann.de\/wp-content\/uploads\/2022\/03\/gedenktanz-kurt-huber-helga-seewann-6-1024x1536.jpg 1024w, https:\/\/www.helgaseewann.de\/wp-content\/uploads\/2022\/03\/gedenktanz-kurt-huber-helga-seewann-6-1365x2048.jpg 1365w, https:\/\/www.helgaseewann.de\/wp-content\/uploads\/2022\/03\/gedenktanz-kurt-huber-helga-seewann-6-scaled.jpg 1707w\" sizes=\"(max-width: 683px) 100vw, 683px\" \/>\t\t\t\t\t\t\t\t\t\t\t\t\t\t\t<\/div>\n\t\t\t\t<\/div>\n\t\t\t\t\t<\/div>\n\t\t<\/div>\n\t\t\t\t\t\t\t<\/div>\n\t\t<\/section>\n\t\t\t\t\t\t\t<\/div>\n\t\t","protected":false},"excerpt":{"rendered":"<p>For the exhibition Glaube, Liebe, Hoffnung (Faith, Love, Hope), Helga Seewann danced for Prof. Kurt Huber (resistance fighter of the &#8220;White Rose&#8221;) on 27 July 2018 as part of the \u201cLong Night of the Churches\u201d in St. Johannes Evangelist, Lochham. The day of his execution was the 75th anniversary \u2013 two weeks before the performance. [&hellip;]<\/p>\n","protected":false},"author":1,"featured_media":6740,"comment_status":"open","ping_status":"open","sticky":false,"template":"","format":"standard","meta":{"footnotes":""},"categories":[36,35],"tags":[],"class_list":["post-7086","post","type-post","status-publish","format-standard","has-post-thumbnail","hentry","category-memorial-dance","category-project-archive"],"yoast_head":"<!-- This site is optimized with the Yoast SEO plugin v27.5 - https:\/\/yoast.com\/product\/yoast-seo-wordpress\/ -->\n<title>Glaube Liebe Hoffnung - Helga Seewann<\/title>\n<meta name=\"description\" content=\"For the exhibition Glaube, Liebe, Hoffnung (Faith, Love, Hope) Helga Seewann danced a memorial dance for Prof. Kurt Huber during the \u201cLong Night of the Churches\u201d in 2018.\" \/>\n<meta name=\"robots\" content=\"index, follow, max-snippet:-1, max-image-preview:large, max-video-preview:-1\" \/>\n<link rel=\"canonical\" href=\"https:\/\/www.helgaseewann.de\/2018\/07\/27\/glaube-liebe-hoffnung\/\" \/>\n<meta property=\"og:locale\" content=\"en_US\" \/>\n<meta property=\"og:type\" content=\"article\" \/>\n<meta property=\"og:title\" content=\"Glaube Liebe Hoffnung - Helga Seewann\" \/>\n<meta property=\"og:description\" content=\"For the exhibition Glaube, Liebe, Hoffnung (Faith, Love, Hope) Helga Seewann danced a memorial dance for Prof. Kurt Huber during the \u201cLong Night of the Churches\u201d in 2018.\" \/>\n<meta property=\"og:url\" content=\"https:\/\/www.helgaseewann.de\/2018\/07\/27\/glaube-liebe-hoffnung\/\" \/>\n<meta property=\"og:site_name\" content=\"Helga Seewann\" \/>\n<meta property=\"article:published_time\" content=\"2018-07-27T09:40:00+00:00\" \/>\n<meta property=\"article:modified_time\" content=\"2022-11-10T16:23:51+00:00\" \/>\n<meta property=\"og:image\" content=\"https:\/\/www.helgaseewann.de\/wp-content\/uploads\/2022\/03\/helga-seewann-projektarchiv-glaube-liebe-hoffnung-home-scaled.jpg\" \/>\n\t<meta property=\"og:image:width\" content=\"2560\" \/>\n\t<meta property=\"og:image:height\" content=\"1920\" \/>\n\t<meta property=\"og:image:type\" content=\"image\/jpeg\" \/>\n<meta name=\"author\" content=\"Wolfgang\" \/>\n<meta name=\"twitter:card\" content=\"summary_large_image\" \/>\n<meta name=\"twitter:label1\" content=\"Written by\" \/>\n\t<meta name=\"twitter:data1\" content=\"Wolfgang\" \/>\n<script type=\"application\/ld+json\" class=\"yoast-schema-graph\">{\"@context\":\"https:\\\/\\\/schema.org\",\"@graph\":[{\"@type\":\"Article\",\"@id\":\"https:\\\/\\\/www.helgaseewann.de\\\/2018\\\/07\\\/27\\\/glaube-liebe-hoffnung\\\/#article\",\"isPartOf\":{\"@id\":\"https:\\\/\\\/www.helgaseewann.de\\\/2018\\\/07\\\/27\\\/glaube-liebe-hoffnung\\\/\"},\"author\":{\"name\":\"Wolfgang\",\"@id\":\"https:\\\/\\\/www.helgaseewann.de\\\/#\\\/schema\\\/person\\\/bb9101d56bdceb19221f92f3fee209e8\"},\"headline\":\"Glaube Liebe Hoffnung\",\"datePublished\":\"2018-07-27T09:40:00+00:00\",\"dateModified\":\"2022-11-10T16:23:51+00:00\",\"mainEntityOfPage\":{\"@id\":\"https:\\\/\\\/www.helgaseewann.de\\\/2018\\\/07\\\/27\\\/glaube-liebe-hoffnung\\\/\"},\"wordCount\":68,\"commentCount\":0,\"publisher\":{\"@id\":\"https:\\\/\\\/www.helgaseewann.de\\\/#organization\"},\"image\":{\"@id\":\"https:\\\/\\\/www.helgaseewann.de\\\/2018\\\/07\\\/27\\\/glaube-liebe-hoffnung\\\/#primaryimage\"},\"thumbnailUrl\":\"https:\\\/\\\/www.helgaseewann.de\\\/wp-content\\\/uploads\\\/2022\\\/03\\\/helga-seewann-projektarchiv-glaube-liebe-hoffnung-home-scaled.jpg\",\"articleSection\":[\"Memorial dance\",\"Project archive\"],\"inLanguage\":\"en-US\",\"potentialAction\":[{\"@type\":\"CommentAction\",\"name\":\"Comment\",\"target\":[\"https:\\\/\\\/www.helgaseewann.de\\\/2018\\\/07\\\/27\\\/glaube-liebe-hoffnung\\\/#respond\"]}]},{\"@type\":\"WebPage\",\"@id\":\"https:\\\/\\\/www.helgaseewann.de\\\/2018\\\/07\\\/27\\\/glaube-liebe-hoffnung\\\/\",\"url\":\"https:\\\/\\\/www.helgaseewann.de\\\/2018\\\/07\\\/27\\\/glaube-liebe-hoffnung\\\/\",\"name\":\"Glaube Liebe Hoffnung - Helga Seewann\",\"isPartOf\":{\"@id\":\"https:\\\/\\\/www.helgaseewann.de\\\/#website\"},\"primaryImageOfPage\":{\"@id\":\"https:\\\/\\\/www.helgaseewann.de\\\/2018\\\/07\\\/27\\\/glaube-liebe-hoffnung\\\/#primaryimage\"},\"image\":{\"@id\":\"https:\\\/\\\/www.helgaseewann.de\\\/2018\\\/07\\\/27\\\/glaube-liebe-hoffnung\\\/#primaryimage\"},\"thumbnailUrl\":\"https:\\\/\\\/www.helgaseewann.de\\\/wp-content\\\/uploads\\\/2022\\\/03\\\/helga-seewann-projektarchiv-glaube-liebe-hoffnung-home-scaled.jpg\",\"datePublished\":\"2018-07-27T09:40:00+00:00\",\"dateModified\":\"2022-11-10T16:23:51+00:00\",\"description\":\"For the exhibition Glaube, Liebe, Hoffnung (Faith, Love, Hope) Helga Seewann danced a memorial dance for Prof. Kurt Huber during the \u201cLong Night of the Churches\u201d in 2018.\",\"breadcrumb\":{\"@id\":\"https:\\\/\\\/www.helgaseewann.de\\\/2018\\\/07\\\/27\\\/glaube-liebe-hoffnung\\\/#breadcrumb\"},\"inLanguage\":\"en-US\",\"potentialAction\":[{\"@type\":\"ReadAction\",\"target\":[\"https:\\\/\\\/www.helgaseewann.de\\\/2018\\\/07\\\/27\\\/glaube-liebe-hoffnung\\\/\"]}]},{\"@type\":\"ImageObject\",\"inLanguage\":\"en-US\",\"@id\":\"https:\\\/\\\/www.helgaseewann.de\\\/2018\\\/07\\\/27\\\/glaube-liebe-hoffnung\\\/#primaryimage\",\"url\":\"https:\\\/\\\/www.helgaseewann.de\\\/wp-content\\\/uploads\\\/2022\\\/03\\\/helga-seewann-projektarchiv-glaube-liebe-hoffnung-home-scaled.jpg\",\"contentUrl\":\"https:\\\/\\\/www.helgaseewann.de\\\/wp-content\\\/uploads\\\/2022\\\/03\\\/helga-seewann-projektarchiv-glaube-liebe-hoffnung-home-scaled.jpg\",\"width\":2560,\"height\":1920},{\"@type\":\"BreadcrumbList\",\"@id\":\"https:\\\/\\\/www.helgaseewann.de\\\/2018\\\/07\\\/27\\\/glaube-liebe-hoffnung\\\/#breadcrumb\",\"itemListElement\":[{\"@type\":\"ListItem\",\"position\":1,\"name\":\"Startseite\",\"item\":\"https:\\\/\\\/www.helgaseewann.de\\\/en\\\/\"},{\"@type\":\"ListItem\",\"position\":2,\"name\":\"Glaube Liebe Hoffnung\"}]},{\"@type\":\"WebSite\",\"@id\":\"https:\\\/\\\/www.helgaseewann.de\\\/#website\",\"url\":\"https:\\\/\\\/www.helgaseewann.de\\\/\",\"name\":\"Helga Seewann\",\"description\":\"Internetauftritt der zeitgen\u00f6ssischen T\u00e4nzerin, Trauer- und Gedenkt\u00e4nzerin und Choreografin\",\"publisher\":{\"@id\":\"https:\\\/\\\/www.helgaseewann.de\\\/#organization\"},\"potentialAction\":[{\"@type\":\"SearchAction\",\"target\":{\"@type\":\"EntryPoint\",\"urlTemplate\":\"https:\\\/\\\/www.helgaseewann.de\\\/?s={search_term_string}\"},\"query-input\":{\"@type\":\"PropertyValueSpecification\",\"valueRequired\":true,\"valueName\":\"search_term_string\"}}],\"inLanguage\":\"en-US\"},{\"@type\":\"Organization\",\"@id\":\"https:\\\/\\\/www.helgaseewann.de\\\/#organization\",\"name\":\"Helga Seewann \u2013 K\u00f6rperarbeit, Tanz\",\"url\":\"https:\\\/\\\/www.helgaseewann.de\\\/\",\"logo\":{\"@type\":\"ImageObject\",\"inLanguage\":\"en-US\",\"@id\":\"https:\\\/\\\/www.helgaseewann.de\\\/#\\\/schema\\\/logo\\\/image\\\/\",\"url\":\"https:\\\/\\\/www.helgaseewann.de\\\/wp-content\\\/uploads\\\/2022\\\/06\\\/helga-seewann-logo-scaled.jpg\",\"contentUrl\":\"https:\\\/\\\/www.helgaseewann.de\\\/wp-content\\\/uploads\\\/2022\\\/06\\\/helga-seewann-logo-scaled.jpg\",\"width\":2560,\"height\":1533,\"caption\":\"Helga Seewann \u2013 K\u00f6rperarbeit, Tanz\"},\"image\":{\"@id\":\"https:\\\/\\\/www.helgaseewann.de\\\/#\\\/schema\\\/logo\\\/image\\\/\"}},{\"@type\":\"Person\",\"@id\":\"https:\\\/\\\/www.helgaseewann.de\\\/#\\\/schema\\\/person\\\/bb9101d56bdceb19221f92f3fee209e8\",\"name\":\"Wolfgang\",\"image\":{\"@type\":\"ImageObject\",\"inLanguage\":\"en-US\",\"@id\":\"https:\\\/\\\/secure.gravatar.com\\\/avatar\\\/052ba266d7a93052712bf04ec78891f7549e4a7db607440bf87fb061098b5f17?s=96&d=mm&r=g\",\"url\":\"https:\\\/\\\/secure.gravatar.com\\\/avatar\\\/052ba266d7a93052712bf04ec78891f7549e4a7db607440bf87fb061098b5f17?s=96&d=mm&r=g\",\"contentUrl\":\"https:\\\/\\\/secure.gravatar.com\\\/avatar\\\/052ba266d7a93052712bf04ec78891f7549e4a7db607440bf87fb061098b5f17?s=96&d=mm&r=g\",\"caption\":\"Wolfgang\"},\"sameAs\":[\"http:\\\/\\\/dev.helgaseewann.de\"],\"url\":\"https:\\\/\\\/www.helgaseewann.de\\\/en\\\/author\\\/wolfgang\\\/\"}]}<\/script>\n<!-- \/ Yoast SEO plugin. -->","yoast_head_json":{"title":"Glaube Liebe Hoffnung - Helga Seewann","description":"For the exhibition Glaube, Liebe, Hoffnung (Faith, Love, Hope) Helga Seewann danced a memorial dance for Prof. Kurt Huber during the \u201cLong Night of the Churches\u201d in 2018.","robots":{"index":"index","follow":"follow","max-snippet":"max-snippet:-1","max-image-preview":"max-image-preview:large","max-video-preview":"max-video-preview:-1"},"canonical":"https:\/\/www.helgaseewann.de\/2018\/07\/27\/glaube-liebe-hoffnung\/","og_locale":"en_US","og_type":"article","og_title":"Glaube Liebe Hoffnung - Helga Seewann","og_description":"For the exhibition Glaube, Liebe, Hoffnung (Faith, Love, Hope) Helga Seewann danced a memorial dance for Prof. Kurt Huber during the \u201cLong Night of the Churches\u201d in 2018.","og_url":"https:\/\/www.helgaseewann.de\/2018\/07\/27\/glaube-liebe-hoffnung\/","og_site_name":"Helga Seewann","article_published_time":"2018-07-27T09:40:00+00:00","article_modified_time":"2022-11-10T16:23:51+00:00","og_image":[{"width":2560,"height":1920,"url":"https:\/\/www.helgaseewann.de\/wp-content\/uploads\/2022\/03\/helga-seewann-projektarchiv-glaube-liebe-hoffnung-home-scaled.jpg","type":"image\/jpeg"}],"author":"Wolfgang","twitter_card":"summary_large_image","twitter_misc":{"Written by":"Wolfgang"},"schema":{"@context":"https:\/\/schema.org","@graph":[{"@type":"Article","@id":"https:\/\/www.helgaseewann.de\/2018\/07\/27\/glaube-liebe-hoffnung\/#article","isPartOf":{"@id":"https:\/\/www.helgaseewann.de\/2018\/07\/27\/glaube-liebe-hoffnung\/"},"author":{"name":"Wolfgang","@id":"https:\/\/www.helgaseewann.de\/#\/schema\/person\/bb9101d56bdceb19221f92f3fee209e8"},"headline":"Glaube Liebe Hoffnung","datePublished":"2018-07-27T09:40:00+00:00","dateModified":"2022-11-10T16:23:51+00:00","mainEntityOfPage":{"@id":"https:\/\/www.helgaseewann.de\/2018\/07\/27\/glaube-liebe-hoffnung\/"},"wordCount":68,"commentCount":0,"publisher":{"@id":"https:\/\/www.helgaseewann.de\/#organization"},"image":{"@id":"https:\/\/www.helgaseewann.de\/2018\/07\/27\/glaube-liebe-hoffnung\/#primaryimage"},"thumbnailUrl":"https:\/\/www.helgaseewann.de\/wp-content\/uploads\/2022\/03\/helga-seewann-projektarchiv-glaube-liebe-hoffnung-home-scaled.jpg","articleSection":["Memorial dance","Project archive"],"inLanguage":"en-US","potentialAction":[{"@type":"CommentAction","name":"Comment","target":["https:\/\/www.helgaseewann.de\/2018\/07\/27\/glaube-liebe-hoffnung\/#respond"]}]},{"@type":"WebPage","@id":"https:\/\/www.helgaseewann.de\/2018\/07\/27\/glaube-liebe-hoffnung\/","url":"https:\/\/www.helgaseewann.de\/2018\/07\/27\/glaube-liebe-hoffnung\/","name":"Glaube Liebe Hoffnung - Helga Seewann","isPartOf":{"@id":"https:\/\/www.helgaseewann.de\/#website"},"primaryImageOfPage":{"@id":"https:\/\/www.helgaseewann.de\/2018\/07\/27\/glaube-liebe-hoffnung\/#primaryimage"},"image":{"@id":"https:\/\/www.helgaseewann.de\/2018\/07\/27\/glaube-liebe-hoffnung\/#primaryimage"},"thumbnailUrl":"https:\/\/www.helgaseewann.de\/wp-content\/uploads\/2022\/03\/helga-seewann-projektarchiv-glaube-liebe-hoffnung-home-scaled.jpg","datePublished":"2018-07-27T09:40:00+00:00","dateModified":"2022-11-10T16:23:51+00:00","description":"For the exhibition Glaube, Liebe, Hoffnung (Faith, Love, Hope) Helga Seewann danced a memorial dance for Prof. Kurt Huber during the \u201cLong Night of the Churches\u201d in 2018.","breadcrumb":{"@id":"https:\/\/www.helgaseewann.de\/2018\/07\/27\/glaube-liebe-hoffnung\/#breadcrumb"},"inLanguage":"en-US","potentialAction":[{"@type":"ReadAction","target":["https:\/\/www.helgaseewann.de\/2018\/07\/27\/glaube-liebe-hoffnung\/"]}]},{"@type":"ImageObject","inLanguage":"en-US","@id":"https:\/\/www.helgaseewann.de\/2018\/07\/27\/glaube-liebe-hoffnung\/#primaryimage","url":"https:\/\/www.helgaseewann.de\/wp-content\/uploads\/2022\/03\/helga-seewann-projektarchiv-glaube-liebe-hoffnung-home-scaled.jpg","contentUrl":"https:\/\/www.helgaseewann.de\/wp-content\/uploads\/2022\/03\/helga-seewann-projektarchiv-glaube-liebe-hoffnung-home-scaled.jpg","width":2560,"height":1920},{"@type":"BreadcrumbList","@id":"https:\/\/www.helgaseewann.de\/2018\/07\/27\/glaube-liebe-hoffnung\/#breadcrumb","itemListElement":[{"@type":"ListItem","position":1,"name":"Startseite","item":"https:\/\/www.helgaseewann.de\/en\/"},{"@type":"ListItem","position":2,"name":"Glaube Liebe Hoffnung"}]},{"@type":"WebSite","@id":"https:\/\/www.helgaseewann.de\/#website","url":"https:\/\/www.helgaseewann.de\/","name":"Helga Seewann","description":"Internetauftritt der zeitgen\u00f6ssischen T\u00e4nzerin, Trauer- und Gedenkt\u00e4nzerin und Choreografin","publisher":{"@id":"https:\/\/www.helgaseewann.de\/#organization"},"potentialAction":[{"@type":"SearchAction","target":{"@type":"EntryPoint","urlTemplate":"https:\/\/www.helgaseewann.de\/?s={search_term_string}"},"query-input":{"@type":"PropertyValueSpecification","valueRequired":true,"valueName":"search_term_string"}}],"inLanguage":"en-US"},{"@type":"Organization","@id":"https:\/\/www.helgaseewann.de\/#organization","name":"Helga Seewann \u2013 K\u00f6rperarbeit, Tanz","url":"https:\/\/www.helgaseewann.de\/","logo":{"@type":"ImageObject","inLanguage":"en-US","@id":"https:\/\/www.helgaseewann.de\/#\/schema\/logo\/image\/","url":"https:\/\/www.helgaseewann.de\/wp-content\/uploads\/2022\/06\/helga-seewann-logo-scaled.jpg","contentUrl":"https:\/\/www.helgaseewann.de\/wp-content\/uploads\/2022\/06\/helga-seewann-logo-scaled.jpg","width":2560,"height":1533,"caption":"Helga Seewann \u2013 K\u00f6rperarbeit, Tanz"},"image":{"@id":"https:\/\/www.helgaseewann.de\/#\/schema\/logo\/image\/"}},{"@type":"Person","@id":"https:\/\/www.helgaseewann.de\/#\/schema\/person\/bb9101d56bdceb19221f92f3fee209e8","name":"Wolfgang","image":{"@type":"ImageObject","inLanguage":"en-US","@id":"https:\/\/secure.gravatar.com\/avatar\/052ba266d7a93052712bf04ec78891f7549e4a7db607440bf87fb061098b5f17?s=96&d=mm&r=g","url":"https:\/\/secure.gravatar.com\/avatar\/052ba266d7a93052712bf04ec78891f7549e4a7db607440bf87fb061098b5f17?s=96&d=mm&r=g","contentUrl":"https:\/\/secure.gravatar.com\/avatar\/052ba266d7a93052712bf04ec78891f7549e4a7db607440bf87fb061098b5f17?s=96&d=mm&r=g","caption":"Wolfgang"},"sameAs":["http:\/\/dev.helgaseewann.de"],"url":"https:\/\/www.helgaseewann.de\/en\/author\/wolfgang\/"}]}},"_links":{"self":[{"href":"https:\/\/www.helgaseewann.de\/en\/wp-json\/wp\/v2\/posts\/7086","targetHints":{"allow":["GET"]}}],"collection":[{"href":"https:\/\/www.helgaseewann.de\/en\/wp-json\/wp\/v2\/posts"}],"about":[{"href":"https:\/\/www.helgaseewann.de\/en\/wp-json\/wp\/v2\/types\/post"}],"author":[{"embeddable":true,"href":"https:\/\/www.helgaseewann.de\/en\/wp-json\/wp\/v2\/users\/1"}],"replies":[{"embeddable":true,"href":"https:\/\/www.helgaseewann.de\/en\/wp-json\/wp\/v2\/comments?post=7086"}],"version-history":[{"count":15,"href":"https:\/\/www.helgaseewann.de\/en\/wp-json\/wp\/v2\/posts\/7086\/revisions"}],"predecessor-version":[{"id":7393,"href":"https:\/\/www.helgaseewann.de\/en\/wp-json\/wp\/v2\/posts\/7086\/revisions\/7393"}],"wp:featuredmedia":[{"embeddable":true,"href":"https:\/\/www.helgaseewann.de\/en\/wp-json\/wp\/v2\/media\/6740"}],"wp:attachment":[{"href":"https:\/\/www.helgaseewann.de\/en\/wp-json\/wp\/v2\/media?parent=7086"}],"wp:term":[{"taxonomy":"category","embeddable":true,"href":"https:\/\/www.helgaseewann.de\/en\/wp-json\/wp\/v2\/categories?post=7086"},{"taxonomy":"post_tag","embeddable":true,"href":"https:\/\/www.helgaseewann.de\/en\/wp-json\/wp\/v2\/tags?post=7086"}],"curies":[{"name":"wp","href":"https:\/\/api.w.org\/{rel}","templated":true}]}}