{"id":7109,"date":"2014-10-19T18:46:10","date_gmt":"2014-10-19T16:46:10","guid":{"rendered":"https:\/\/www.helgaseewann.de\/2014\/10\/19\/theodoros-boulgarides\/"},"modified":"2022-11-10T17:27:32","modified_gmt":"2022-11-10T16:27:32","slug":"theodoros-boulgarides","status":"publish","type":"post","link":"https:\/\/www.helgaseewann.de\/en\/2014\/10\/19\/theodoros-boulgarides\/","title":{"rendered":"Theodoros Boulgarides"},"content":{"rendered":"\t\t<div data-elementor-type=\"wp-post\" data-elementor-id=\"7109\" class=\"elementor elementor-7109 elementor-967\" data-elementor-post-type=\"post\">\n\t\t\t\t\t\t\t\t\t<section class=\"elementor-section elementor-top-section elementor-element elementor-element-77c5609a elementor-section-boxed elementor-section-height-default elementor-section-height-default\" data-id=\"77c5609a\" data-element_type=\"section\" data-settings=\"{&quot;_ha_eqh_enable&quot;:false}\">\n\t\t\t\t\t\t<div class=\"elementor-container elementor-column-gap-default\">\n\t\t\t\t\t<div class=\"elementor-column elementor-col-100 elementor-top-column elementor-element elementor-element-57fdf27f\" data-id=\"57fdf27f\" data-element_type=\"column\">\n\t\t\t<div class=\"elementor-widget-wrap elementor-element-populated\">\n\t\t\t\t\t\t\t\t<div class=\"elementor-element elementor-element-6aa23ad3 elementor-widget elementor-widget-text-editor\" data-id=\"6aa23ad3\" data-element_type=\"widget\" data-widget_type=\"text-editor.default\">\n\t\t\t\t<div class=\"elementor-widget-container\">\n\t\t\t<style>\/*! elementor - v3.18.0 - 20-12-2023 *\/\n.elementor-widget-text-editor.elementor-drop-cap-view-stacked .elementor-drop-cap{background-color:#69727d;color:#fff}.elementor-widget-text-editor.elementor-drop-cap-view-framed .elementor-drop-cap{color:#69727d;border:3px solid;background-color:transparent}.elementor-widget-text-editor:not(.elementor-drop-cap-view-default) .elementor-drop-cap{margin-top:8px}.elementor-widget-text-editor:not(.elementor-drop-cap-view-default) .elementor-drop-cap-letter{width:1em;height:1em}.elementor-widget-text-editor .elementor-drop-cap{float:left;text-align:center;line-height:1;font-size:50px}.elementor-widget-text-editor .elementor-drop-cap-letter{display:inline-block}<\/style>\t\t\t\t<p><strong>On 19 October, a funeral service for Theodoros Boulgarides,<\/strong> a victim of the \u201cNSU\u201d, took place in St. Paul \u2013 as part of westendstudios 14.<br \/>\nThe westendstudios had the motto \u201ctrappentreu 4\u201d.<\/p>\n\t\t\t\t\t\t<\/div>\n\t\t\t\t<\/div>\n\t\t\t\t\t<\/div>\n\t\t<\/div>\n\t\t\t\t\t\t\t<\/div>\n\t\t<\/section>\n\t\t\t\t<section class=\"elementor-section elementor-top-section elementor-element elementor-element-6e528b83 elementor-reverse-mobile elementor-section-boxed elementor-section-height-default elementor-section-height-default\" data-id=\"6e528b83\" data-element_type=\"section\" data-settings=\"{&quot;_ha_eqh_enable&quot;:false}\">\n\t\t\t\t\t\t<div class=\"elementor-container elementor-column-gap-default\">\n\t\t\t\t\t<div class=\"elementor-column elementor-col-50 elementor-top-column elementor-element elementor-element-3317caa9\" data-id=\"3317caa9\" data-element_type=\"column\">\n\t\t\t<div class=\"elementor-widget-wrap elementor-element-populated\">\n\t\t\t\t\t\t\t\t<div class=\"elementor-element elementor-element-18c65453 elementor-widget elementor-widget-image\" data-id=\"18c65453\" data-element_type=\"widget\" data-widget_type=\"image.default\">\n\t\t\t\t<div class=\"elementor-widget-container\">\n\t\t\t<style>\/*! elementor - v3.18.0 - 20-12-2023 *\/\n.elementor-widget-image{text-align:center}.elementor-widget-image a{display:inline-block}.elementor-widget-image a img[src$=\".svg\"]{width:48px}.elementor-widget-image img{vertical-align:middle;display:inline-block}<\/style>\t\t\t\t\t\t\t\t\t\t\t\t<img fetchpriority=\"high\" decoding=\"async\" width=\"769\" height=\"1024\" src=\"https:\/\/www.helgaseewann.de\/wp-content\/uploads\/2013\/10\/gedenktanz-theodoros-boulgarides-seewann-3-769x1024.jpg\" class=\"attachment-large size-large wp-image-6847\" alt=\"\" srcset=\"https:\/\/www.helgaseewann.de\/wp-content\/uploads\/2013\/10\/gedenktanz-theodoros-boulgarides-seewann-3-769x1024.jpg 769w, https:\/\/www.helgaseewann.de\/wp-content\/uploads\/2013\/10\/gedenktanz-theodoros-boulgarides-seewann-3-225x300.jpg 225w, https:\/\/www.helgaseewann.de\/wp-content\/uploads\/2013\/10\/gedenktanz-theodoros-boulgarides-seewann-3-768x1023.jpg 768w, https:\/\/www.helgaseewann.de\/wp-content\/uploads\/2013\/10\/gedenktanz-theodoros-boulgarides-seewann-3-1153x1536.jpg 1153w, https:\/\/www.helgaseewann.de\/wp-content\/uploads\/2013\/10\/gedenktanz-theodoros-boulgarides-seewann-3.jpg 1500w\" sizes=\"(max-width: 769px) 100vw, 769px\" \/>\t\t\t\t\t\t\t\t\t\t\t\t\t\t\t<\/div>\n\t\t\t\t<\/div>\n\t\t\t\t\t<\/div>\n\t\t<\/div>\n\t\t\t\t<div class=\"elementor-column elementor-col-50 elementor-top-column elementor-element elementor-element-1ed077e4\" data-id=\"1ed077e4\" data-element_type=\"column\">\n\t\t\t<div class=\"elementor-widget-wrap elementor-element-populated\">\n\t\t\t\t\t\t\t\t<div class=\"elementor-element elementor-element-538ba3b5 elementor-widget elementor-widget-heading\" data-id=\"538ba3b5\" data-element_type=\"widget\" data-widget_type=\"heading.default\">\n\t\t\t\t<div class=\"elementor-widget-container\">\n\t\t\t<style>\/*! elementor - v3.18.0 - 20-12-2023 *\/\n.elementor-heading-title{padding:0;margin:0;line-height:1}.elementor-widget-heading .elementor-heading-title[class*=elementor-size-]>a{color:inherit;font-size:inherit;line-height:inherit}.elementor-widget-heading .elementor-heading-title.elementor-size-small{font-size:15px}.elementor-widget-heading .elementor-heading-title.elementor-size-medium{font-size:19px}.elementor-widget-heading .elementor-heading-title.elementor-size-large{font-size:29px}.elementor-widget-heading .elementor-heading-title.elementor-size-xl{font-size:39px}.elementor-widget-heading .elementor-heading-title.elementor-size-xxl{font-size:59px}<\/style><h2 class=\"elementor-heading-title elementor-size-default\">TYPE<\/h2>\t\t<\/div>\n\t\t\t\t<\/div>\n\t\t\t\t<div class=\"elementor-element elementor-element-49cdbcad elementor-widget elementor-widget-text-editor\" data-id=\"49cdbcad\" data-element_type=\"widget\" data-widget_type=\"text-editor.default\">\n\t\t\t\t<div class=\"elementor-widget-container\">\n\t\t\t\t\t\t\t<div>\n<p class=\"Textbody\"><strong><span class=\"Normal1\"><span lang=\"EN-GB\">Memorial dance<\/span><\/span><\/strong><b><\/b><\/p>\n<\/div>\n\t\t\t\t\t\t<\/div>\n\t\t\t\t<\/div>\n\t\t\t\t<div class=\"elementor-element elementor-element-65dd04bb elementor-widget elementor-widget-heading\" data-id=\"65dd04bb\" data-element_type=\"widget\" data-widget_type=\"heading.default\">\n\t\t\t\t<div class=\"elementor-widget-container\">\n\t\t\t<h2 class=\"elementor-heading-title elementor-size-default\">DATE<\/h2>\t\t<\/div>\n\t\t\t\t<\/div>\n\t\t\t\t<div class=\"elementor-element elementor-element-64b7c9b3 elementor-widget elementor-widget-text-editor\" data-id=\"64b7c9b3\" data-element_type=\"widget\" data-widget_type=\"text-editor.default\">\n\t\t\t\t<div class=\"elementor-widget-container\">\n\t\t\t\t\t\t\t<p><strong>19.10.2014<\/strong><\/p>\n\t\t\t\t\t\t<\/div>\n\t\t\t\t<\/div>\n\t\t\t\t<div class=\"elementor-element elementor-element-2fc39e57 elementor-widget elementor-widget-heading\" data-id=\"2fc39e57\" data-element_type=\"widget\" data-widget_type=\"heading.default\">\n\t\t\t\t<div class=\"elementor-widget-container\">\n\t\t\t<h2 class=\"elementor-heading-title elementor-size-default\">EVENT<\/h2>\t\t<\/div>\n\t\t\t\t<\/div>\n\t\t\t\t<div class=\"elementor-element elementor-element-1dc2254 elementor-widget elementor-widget-text-editor\" data-id=\"1dc2254\" data-element_type=\"widget\" data-widget_type=\"text-editor.default\">\n\t\t\t\t<div class=\"elementor-widget-container\">\n\t\t\t\t\t\t\t<p><strong>westendstudios<\/strong><\/p>\n\t\t\t\t\t\t<\/div>\n\t\t\t\t<\/div>\n\t\t\t\t<div class=\"elementor-element elementor-element-b88ca90 elementor-widget elementor-widget-heading\" data-id=\"b88ca90\" data-element_type=\"widget\" data-widget_type=\"heading.default\">\n\t\t\t\t<div class=\"elementor-widget-container\">\n\t\t\t<h2 class=\"elementor-heading-title elementor-size-default\">LOCATION<\/h2>\t\t<\/div>\n\t\t\t\t<\/div>\n\t\t\t\t<div class=\"elementor-element elementor-element-238d8e46 elementor-widget elementor-widget-text-editor\" data-id=\"238d8e46\" data-element_type=\"widget\" data-widget_type=\"text-editor.default\">\n\t\t\t\t<div class=\"elementor-widget-container\">\n\t\t\t\t\t\t\t<p><strong>St. Paul, Munich<\/strong><\/p>\n\t\t\t\t\t\t<\/div>\n\t\t\t\t<\/div>\n\t\t\t\t<div class=\"elementor-element elementor-element-bbc36e9 elementor-widget elementor-widget-heading\" data-id=\"bbc36e9\" data-element_type=\"widget\" data-widget_type=\"heading.default\">\n\t\t\t\t<div class=\"elementor-widget-container\">\n\t\t\t<h2 class=\"elementor-heading-title elementor-size-default\">ARCHIVE<\/h2>\t\t<\/div>\n\t\t\t\t<\/div>\n\t\t\t\t<div class=\"elementor-element elementor-element-6ed3a69 elementor-align-left elementor-widget elementor-widget-button\" data-id=\"6ed3a69\" data-element_type=\"widget\" data-widget_type=\"button.default\">\n\t\t\t\t<div class=\"elementor-widget-container\">\n\t\t\t\t\t<div class=\"elementor-button-wrapper\">\n\t\t\t<a class=\"elementor-button elementor-button-link elementor-size-xl\" href=\"https:\/\/vimeo.com\/118485908\" target=\"_blank\">\n\t\t\t\t\t\t<span class=\"elementor-button-content-wrapper\">\n\t\t\t\t\t\t<span class=\"elementor-button-icon elementor-align-icon-right\">\n\t\t\t\t<svg xmlns=\"http:\/\/www.w3.org\/2000\/svg\" viewBox=\"0 0 280.93 77.96\"><defs><style>.d{fill:none;stroke:#141412;stroke-width:9.53px;}<\/style><\/defs><g id=\"a\"><\/g><g id=\"b\"><g id=\"c\"><g><line class=\"d\" y1=\"39\" x2=\"273.93\" y2=\"39\"><\/line><polyline class=\"d\" points=\"235.77 3.49 273.93 39 235.77 74.47\"><\/polyline><\/g><\/g><\/g><\/svg>\t\t\t<\/span>\n\t\t\t\t\t\t<span class=\"elementor-button-text\">Link on Vimeo<\/span>\n\t\t<\/span>\n\t\t\t\t\t<\/a>\n\t\t<\/div>\n\t\t\t\t<\/div>\n\t\t\t\t<\/div>\n\t\t\t\t\t<\/div>\n\t\t<\/div>\n\t\t\t\t\t\t\t<\/div>\n\t\t<\/section>\n\t\t\t\t<section class=\"elementor-section elementor-top-section elementor-element elementor-element-3910a851 elementor-section-boxed elementor-section-height-default elementor-section-height-default\" data-id=\"3910a851\" data-element_type=\"section\" data-settings=\"{&quot;_ha_eqh_enable&quot;:false}\">\n\t\t\t\t\t\t<div class=\"elementor-container elementor-column-gap-default\">\n\t\t\t\t\t<div class=\"elementor-column elementor-col-50 elementor-top-column elementor-element elementor-element-5f6d3e15\" data-id=\"5f6d3e15\" data-element_type=\"column\">\n\t\t\t<div class=\"elementor-widget-wrap elementor-element-populated\">\n\t\t\t\t\t\t\t\t<div class=\"elementor-element elementor-element-6a5003f8 elementor-widget elementor-widget-image\" data-id=\"6a5003f8\" data-element_type=\"widget\" data-widget_type=\"image.default\">\n\t\t\t\t<div class=\"elementor-widget-container\">\n\t\t\t\t\t\t\t\t\t\t\t\t\t\t\t<img decoding=\"async\" width=\"800\" height=\"450\" src=\"https:\/\/www.helgaseewann.de\/wp-content\/uploads\/2013\/10\/gedenktanz-theodoros-boulgarides-seewann-8-1024x576.jpg\" class=\"attachment-large size-large wp-image-6852\" alt=\"\" srcset=\"https:\/\/www.helgaseewann.de\/wp-content\/uploads\/2013\/10\/gedenktanz-theodoros-boulgarides-seewann-8-1024x576.jpg 1024w, https:\/\/www.helgaseewann.de\/wp-content\/uploads\/2013\/10\/gedenktanz-theodoros-boulgarides-seewann-8-300x169.jpg 300w, https:\/\/www.helgaseewann.de\/wp-content\/uploads\/2013\/10\/gedenktanz-theodoros-boulgarides-seewann-8-768x432.jpg 768w, https:\/\/www.helgaseewann.de\/wp-content\/uploads\/2013\/10\/gedenktanz-theodoros-boulgarides-seewann-8-1536x864.jpg 1536w, https:\/\/www.helgaseewann.de\/wp-content\/uploads\/2013\/10\/gedenktanz-theodoros-boulgarides-seewann-8.jpg 2000w\" sizes=\"(max-width: 800px) 100vw, 800px\" \/>\t\t\t\t\t\t\t\t\t\t\t\t\t\t\t<\/div>\n\t\t\t\t<\/div>\n\t\t\t\t\t<\/div>\n\t\t<\/div>\n\t\t\t\t<div class=\"elementor-column elementor-col-50 elementor-top-column elementor-element elementor-element-1225f014\" data-id=\"1225f014\" data-element_type=\"column\">\n\t\t\t<div class=\"elementor-widget-wrap elementor-element-populated\">\n\t\t\t\t\t\t\t\t<div class=\"elementor-element elementor-element-4a71e01e elementor-widget elementor-widget-image\" data-id=\"4a71e01e\" data-element_type=\"widget\" data-widget_type=\"image.default\">\n\t\t\t\t<div class=\"elementor-widget-container\">\n\t\t\t\t\t\t\t\t\t\t\t\t\t\t\t<img decoding=\"async\" width=\"800\" height=\"450\" src=\"https:\/\/www.helgaseewann.de\/wp-content\/uploads\/2013\/10\/gedenktanz-theodoros-boulgarides-seewann-7-1024x576.jpg\" class=\"attachment-large size-large wp-image-6851\" alt=\"\" srcset=\"https:\/\/www.helgaseewann.de\/wp-content\/uploads\/2013\/10\/gedenktanz-theodoros-boulgarides-seewann-7-1024x576.jpg 1024w, https:\/\/www.helgaseewann.de\/wp-content\/uploads\/2013\/10\/gedenktanz-theodoros-boulgarides-seewann-7-300x169.jpg 300w, https:\/\/www.helgaseewann.de\/wp-content\/uploads\/2013\/10\/gedenktanz-theodoros-boulgarides-seewann-7-768x432.jpg 768w, https:\/\/www.helgaseewann.de\/wp-content\/uploads\/2013\/10\/gedenktanz-theodoros-boulgarides-seewann-7-1536x864.jpg 1536w, https:\/\/www.helgaseewann.de\/wp-content\/uploads\/2013\/10\/gedenktanz-theodoros-boulgarides-seewann-7.jpg 2000w\" sizes=\"(max-width: 800px) 100vw, 800px\" \/>\t\t\t\t\t\t\t\t\t\t\t\t\t\t\t<\/div>\n\t\t\t\t<\/div>\n\t\t\t\t\t<\/div>\n\t\t<\/div>\n\t\t\t\t\t\t\t<\/div>\n\t\t<\/section>\n\t\t\t\t<section class=\"elementor-section elementor-top-section elementor-element elementor-element-4472995e elementor-section-boxed elementor-section-height-default elementor-section-height-default\" data-id=\"4472995e\" data-element_type=\"section\" data-settings=\"{&quot;_ha_eqh_enable&quot;:false}\">\n\t\t\t\t\t\t<div class=\"elementor-container elementor-column-gap-default\">\n\t\t\t\t\t<div class=\"elementor-column elementor-col-50 elementor-top-column elementor-element elementor-element-182d9b1a\" data-id=\"182d9b1a\" data-element_type=\"column\">\n\t\t\t<div class=\"elementor-widget-wrap elementor-element-populated\">\n\t\t\t\t\t\t\t\t<div class=\"elementor-element elementor-element-3a967c36 elementor-widget elementor-widget-image\" data-id=\"3a967c36\" data-element_type=\"widget\" data-widget_type=\"image.default\">\n\t\t\t\t<div class=\"elementor-widget-container\">\n\t\t\t\t\t\t\t\t\t\t\t\t\t\t\t<img loading=\"lazy\" decoding=\"async\" width=\"800\" height=\"450\" src=\"https:\/\/www.helgaseewann.de\/wp-content\/uploads\/2013\/10\/gedenktanz-theodoros-boulgarides-seewann-5-1024x576.jpg\" class=\"attachment-large size-large wp-image-6849\" alt=\"\" srcset=\"https:\/\/www.helgaseewann.de\/wp-content\/uploads\/2013\/10\/gedenktanz-theodoros-boulgarides-seewann-5-1024x576.jpg 1024w, https:\/\/www.helgaseewann.de\/wp-content\/uploads\/2013\/10\/gedenktanz-theodoros-boulgarides-seewann-5-300x169.jpg 300w, https:\/\/www.helgaseewann.de\/wp-content\/uploads\/2013\/10\/gedenktanz-theodoros-boulgarides-seewann-5-768x432.jpg 768w, https:\/\/www.helgaseewann.de\/wp-content\/uploads\/2013\/10\/gedenktanz-theodoros-boulgarides-seewann-5-1536x864.jpg 1536w, https:\/\/www.helgaseewann.de\/wp-content\/uploads\/2013\/10\/gedenktanz-theodoros-boulgarides-seewann-5.jpg 2000w\" sizes=\"(max-width: 800px) 100vw, 800px\" \/>\t\t\t\t\t\t\t\t\t\t\t\t\t\t\t<\/div>\n\t\t\t\t<\/div>\n\t\t\t\t<div class=\"elementor-element elementor-element-c59f110 elementor-widget elementor-widget-image\" data-id=\"c59f110\" data-element_type=\"widget\" data-widget_type=\"image.default\">\n\t\t\t\t<div class=\"elementor-widget-container\">\n\t\t\t\t\t\t\t\t\t\t\t\t\t\t\t<img loading=\"lazy\" decoding=\"async\" width=\"800\" height=\"450\" src=\"https:\/\/www.helgaseewann.de\/wp-content\/uploads\/2013\/10\/gedenktanz-theodoros-boulgarides-seewann-2-1024x576.jpg\" class=\"attachment-large size-large wp-image-6846\" alt=\"\" srcset=\"https:\/\/www.helgaseewann.de\/wp-content\/uploads\/2013\/10\/gedenktanz-theodoros-boulgarides-seewann-2-1024x576.jpg 1024w, https:\/\/www.helgaseewann.de\/wp-content\/uploads\/2013\/10\/gedenktanz-theodoros-boulgarides-seewann-2-300x169.jpg 300w, https:\/\/www.helgaseewann.de\/wp-content\/uploads\/2013\/10\/gedenktanz-theodoros-boulgarides-seewann-2-768x432.jpg 768w, https:\/\/www.helgaseewann.de\/wp-content\/uploads\/2013\/10\/gedenktanz-theodoros-boulgarides-seewann-2-1536x864.jpg 1536w, https:\/\/www.helgaseewann.de\/wp-content\/uploads\/2013\/10\/gedenktanz-theodoros-boulgarides-seewann-2.jpg 2000w\" sizes=\"(max-width: 800px) 100vw, 800px\" \/>\t\t\t\t\t\t\t\t\t\t\t\t\t\t\t<\/div>\n\t\t\t\t<\/div>\n\t\t\t\t\t<\/div>\n\t\t<\/div>\n\t\t\t\t<div class=\"elementor-column elementor-col-50 elementor-top-column elementor-element elementor-element-600c996c\" data-id=\"600c996c\" data-element_type=\"column\">\n\t\t\t<div class=\"elementor-widget-wrap elementor-element-populated\">\n\t\t\t\t\t\t\t\t<div class=\"elementor-element elementor-element-2b180ae1 elementor-widget elementor-widget-image\" data-id=\"2b180ae1\" data-element_type=\"widget\" data-widget_type=\"image.default\">\n\t\t\t\t<div class=\"elementor-widget-container\">\n\t\t\t\t\t\t\t\t\t\t\t\t\t\t\t<img loading=\"lazy\" decoding=\"async\" width=\"800\" height=\"450\" src=\"https:\/\/www.helgaseewann.de\/wp-content\/uploads\/2013\/10\/gedenktanz-theodoros-boulgarides-seewann-4-1024x576.jpg\" class=\"attachment-large size-large wp-image-6848\" alt=\"\" srcset=\"https:\/\/www.helgaseewann.de\/wp-content\/uploads\/2013\/10\/gedenktanz-theodoros-boulgarides-seewann-4-1024x576.jpg 1024w, https:\/\/www.helgaseewann.de\/wp-content\/uploads\/2013\/10\/gedenktanz-theodoros-boulgarides-seewann-4-300x169.jpg 300w, https:\/\/www.helgaseewann.de\/wp-content\/uploads\/2013\/10\/gedenktanz-theodoros-boulgarides-seewann-4-768x432.jpg 768w, https:\/\/www.helgaseewann.de\/wp-content\/uploads\/2013\/10\/gedenktanz-theodoros-boulgarides-seewann-4-1536x864.jpg 1536w, https:\/\/www.helgaseewann.de\/wp-content\/uploads\/2013\/10\/gedenktanz-theodoros-boulgarides-seewann-4.jpg 2000w\" sizes=\"(max-width: 800px) 100vw, 800px\" \/>\t\t\t\t\t\t\t\t\t\t\t\t\t\t\t<\/div>\n\t\t\t\t<\/div>\n\t\t\t\t<div class=\"elementor-element elementor-element-636bdb5 elementor-widget elementor-widget-image\" data-id=\"636bdb5\" data-element_type=\"widget\" data-widget_type=\"image.default\">\n\t\t\t\t<div class=\"elementor-widget-container\">\n\t\t\t\t\t\t\t\t\t\t\t\t\t\t\t<img loading=\"lazy\" decoding=\"async\" width=\"800\" height=\"450\" src=\"https:\/\/www.helgaseewann.de\/wp-content\/uploads\/2022\/03\/gedenktanz-theodoros-boulgarides-seewann-1-1024x576.jpg\" class=\"attachment-large size-large wp-image-6845\" alt=\"\" srcset=\"https:\/\/www.helgaseewann.de\/wp-content\/uploads\/2022\/03\/gedenktanz-theodoros-boulgarides-seewann-1-1024x576.jpg 1024w, https:\/\/www.helgaseewann.de\/wp-content\/uploads\/2022\/03\/gedenktanz-theodoros-boulgarides-seewann-1-300x169.jpg 300w, https:\/\/www.helgaseewann.de\/wp-content\/uploads\/2022\/03\/gedenktanz-theodoros-boulgarides-seewann-1-768x432.jpg 768w, https:\/\/www.helgaseewann.de\/wp-content\/uploads\/2022\/03\/gedenktanz-theodoros-boulgarides-seewann-1-1536x864.jpg 1536w, https:\/\/www.helgaseewann.de\/wp-content\/uploads\/2022\/03\/gedenktanz-theodoros-boulgarides-seewann-1.jpg 2000w\" sizes=\"(max-width: 800px) 100vw, 800px\" \/>\t\t\t\t\t\t\t\t\t\t\t\t\t\t\t<\/div>\n\t\t\t\t<\/div>\n\t\t\t\t\t<\/div>\n\t\t<\/div>\n\t\t\t\t\t\t\t<\/div>\n\t\t<\/section>\n\t\t\t\t<section class=\"elementor-section elementor-top-section elementor-element elementor-element-35c2672 elementor-section-boxed elementor-section-height-default elementor-section-height-default\" data-id=\"35c2672\" data-element_type=\"section\" data-settings=\"{&quot;_ha_eqh_enable&quot;:false}\">\n\t\t\t\t\t\t<div class=\"elementor-container elementor-column-gap-default\">\n\t\t\t\t\t<div class=\"elementor-column elementor-col-100 elementor-top-column elementor-element elementor-element-55a5ea3\" data-id=\"55a5ea3\" data-element_type=\"column\">\n\t\t\t<div class=\"elementor-widget-wrap\">\n\t\t\t\t\t\t\t\t\t<\/div>\n\t\t<\/div>\n\t\t\t\t\t\t\t<\/div>\n\t\t<\/section>\n\t\t\t\t<section class=\"elementor-section elementor-top-section elementor-element elementor-element-6005585 elementor-section-boxed elementor-section-height-default elementor-section-height-default\" data-id=\"6005585\" data-element_type=\"section\" data-settings=\"{&quot;_ha_eqh_enable&quot;:false}\">\n\t\t\t\t\t\t<div class=\"elementor-container elementor-column-gap-default\">\n\t\t\t\t\t<div class=\"elementor-column elementor-col-100 elementor-top-column elementor-element elementor-element-7bdcf0e\" data-id=\"7bdcf0e\" data-element_type=\"column\">\n\t\t\t<div class=\"elementor-widget-wrap elementor-element-populated\">\n\t\t\t\t\t\t\t\t<div class=\"elementor-element elementor-element-7d5c4f43 elementor-widget elementor-widget-image\" data-id=\"7d5c4f43\" data-element_type=\"widget\" data-widget_type=\"image.default\">\n\t\t\t\t<div class=\"elementor-widget-container\">\n\t\t\t\t\t\t\t\t\t\t\t\t\t\t\t<img loading=\"lazy\" decoding=\"async\" width=\"800\" height=\"199\" src=\"https:\/\/www.helgaseewann.de\/wp-content\/uploads\/2013\/10\/Logo-westendstudios-alle-1024x255.png\" class=\"attachment-large size-large wp-image-6894\" alt=\"\" srcset=\"https:\/\/www.helgaseewann.de\/wp-content\/uploads\/2013\/10\/Logo-westendstudios-alle-1024x255.png 1024w, https:\/\/www.helgaseewann.de\/wp-content\/uploads\/2013\/10\/Logo-westendstudios-alle-300x75.png 300w, https:\/\/www.helgaseewann.de\/wp-content\/uploads\/2013\/10\/Logo-westendstudios-alle-768x192.png 768w, https:\/\/www.helgaseewann.de\/wp-content\/uploads\/2013\/10\/Logo-westendstudios-alle-1536x383.png 1536w, https:\/\/www.helgaseewann.de\/wp-content\/uploads\/2013\/10\/Logo-westendstudios-alle.png 1688w\" sizes=\"(max-width: 800px) 100vw, 800px\" \/>\t\t\t\t\t\t\t\t\t\t\t\t\t\t\t<\/div>\n\t\t\t\t<\/div>\n\t\t\t\t<div class=\"elementor-element elementor-element-3315a37 elementor-widget elementor-widget-image\" data-id=\"3315a37\" data-element_type=\"widget\" data-widget_type=\"image.default\">\n\t\t\t\t<div class=\"elementor-widget-container\">\n\t\t\t\t\t\t\t\t\t\t\t\t\t\t\t<img loading=\"lazy\" decoding=\"async\" width=\"800\" height=\"450\" src=\"https:\/\/www.helgaseewann.de\/wp-content\/uploads\/2013\/10\/gedenktanz-theodoros-boulgarides-seewann-9-1024x576.jpg\" class=\"attachment-large size-large wp-image-6853\" alt=\"\" srcset=\"https:\/\/www.helgaseewann.de\/wp-content\/uploads\/2013\/10\/gedenktanz-theodoros-boulgarides-seewann-9-1024x576.jpg 1024w, https:\/\/www.helgaseewann.de\/wp-content\/uploads\/2013\/10\/gedenktanz-theodoros-boulgarides-seewann-9-300x169.jpg 300w, https:\/\/www.helgaseewann.de\/wp-content\/uploads\/2013\/10\/gedenktanz-theodoros-boulgarides-seewann-9-768x432.jpg 768w, https:\/\/www.helgaseewann.de\/wp-content\/uploads\/2013\/10\/gedenktanz-theodoros-boulgarides-seewann-9-1536x864.jpg 1536w, https:\/\/www.helgaseewann.de\/wp-content\/uploads\/2013\/10\/gedenktanz-theodoros-boulgarides-seewann-9.jpg 2000w\" sizes=\"(max-width: 800px) 100vw, 800px\" \/>\t\t\t\t\t\t\t\t\t\t\t\t\t\t\t<\/div>\n\t\t\t\t<\/div>\n\t\t\t\t\t<\/div>\n\t\t<\/div>\n\t\t\t\t\t\t\t<\/div>\n\t\t<\/section>\n\t\t\t\t\t\t\t<\/div>\n\t\t","protected":false},"excerpt":{"rendered":"<p>On 19 October, a funeral service for Theodoros Boulgarides, a victim of the \u201cNSU\u201d, took place in St. Paul \u2013 as part of westendstudios 14. The westendstudios had the motto \u201ctrappentreu 4\u201d. TYPE Memorial dance DATE 19.10.2014 EVENT westendstudios LOCATION St. Paul, Munich ARCHIVE Link on Vimeo<\/p>\n","protected":false},"author":1,"featured_media":6845,"comment_status":"open","ping_status":"open","sticky":false,"template":"","format":"standard","meta":{"footnotes":""},"categories":[36,35],"tags":[],"class_list":["post-7109","post","type-post","status-publish","format-standard","has-post-thumbnail","hentry","category-memorial-dance","category-project-archive"],"yoast_head":"<!-- This site is optimized with the Yoast SEO plugin v27.5 - https:\/\/yoast.com\/product\/yoast-seo-wordpress\/ -->\n<title>Theodoros Boulgarides - Helga Seewann<\/title>\n<meta name=\"description\" content=\"Helga Seewann performed a memorial dance for Theodoros Boulgarides, a victim of the \u201cNSU\u201d, in St. Paul \u2013 as part of westendstudios 14.\" \/>\n<meta name=\"robots\" content=\"index, follow, max-snippet:-1, max-image-preview:large, max-video-preview:-1\" \/>\n<link rel=\"canonical\" href=\"https:\/\/www.helgaseewann.de\/2014\/10\/19\/theodoros-boulgarides\/\" \/>\n<meta property=\"og:locale\" content=\"en_US\" \/>\n<meta property=\"og:type\" content=\"article\" \/>\n<meta property=\"og:title\" content=\"Theodoros Boulgarides - Helga Seewann\" \/>\n<meta property=\"og:description\" content=\"Helga Seewann performed a memorial dance for Theodoros Boulgarides, a victim of the \u201cNSU\u201d, in St. Paul \u2013 as part of westendstudios 14.\" \/>\n<meta property=\"og:url\" content=\"https:\/\/www.helgaseewann.de\/2014\/10\/19\/theodoros-boulgarides\/\" \/>\n<meta property=\"og:site_name\" content=\"Helga Seewann\" \/>\n<meta property=\"article:published_time\" content=\"2014-10-19T16:46:10+00:00\" \/>\n<meta property=\"article:modified_time\" content=\"2022-11-10T16:27:32+00:00\" \/>\n<meta property=\"og:image\" content=\"https:\/\/www.helgaseewann.de\/wp-content\/uploads\/2022\/03\/gedenktanz-theodoros-boulgarides-seewann-1.jpg\" \/>\n\t<meta property=\"og:image:width\" content=\"2000\" \/>\n\t<meta property=\"og:image:height\" content=\"1125\" \/>\n\t<meta property=\"og:image:type\" content=\"image\/jpeg\" \/>\n<meta name=\"author\" content=\"Wolfgang\" \/>\n<meta name=\"twitter:card\" content=\"summary_large_image\" \/>\n<meta name=\"twitter:label1\" content=\"Written by\" \/>\n\t<meta name=\"twitter:data1\" content=\"Wolfgang\" \/>\n<script type=\"application\/ld+json\" class=\"yoast-schema-graph\">{\"@context\":\"https:\\\/\\\/schema.org\",\"@graph\":[{\"@type\":\"Article\",\"@id\":\"https:\\\/\\\/www.helgaseewann.de\\\/2014\\\/10\\\/19\\\/theodoros-boulgarides\\\/#article\",\"isPartOf\":{\"@id\":\"https:\\\/\\\/www.helgaseewann.de\\\/2014\\\/10\\\/19\\\/theodoros-boulgarides\\\/\"},\"author\":{\"name\":\"Wolfgang\",\"@id\":\"https:\\\/\\\/www.helgaseewann.de\\\/#\\\/schema\\\/person\\\/bb9101d56bdceb19221f92f3fee209e8\"},\"headline\":\"Theodoros Boulgarides\",\"datePublished\":\"2014-10-19T16:46:10+00:00\",\"dateModified\":\"2022-11-10T16:27:32+00:00\",\"mainEntityOfPage\":{\"@id\":\"https:\\\/\\\/www.helgaseewann.de\\\/2014\\\/10\\\/19\\\/theodoros-boulgarides\\\/\"},\"wordCount\":44,\"commentCount\":0,\"publisher\":{\"@id\":\"https:\\\/\\\/www.helgaseewann.de\\\/#organization\"},\"image\":{\"@id\":\"https:\\\/\\\/www.helgaseewann.de\\\/2014\\\/10\\\/19\\\/theodoros-boulgarides\\\/#primaryimage\"},\"thumbnailUrl\":\"https:\\\/\\\/www.helgaseewann.de\\\/wp-content\\\/uploads\\\/2022\\\/03\\\/gedenktanz-theodoros-boulgarides-seewann-1.jpg\",\"articleSection\":[\"Memorial dance\",\"Project archive\"],\"inLanguage\":\"en-US\",\"potentialAction\":[{\"@type\":\"CommentAction\",\"name\":\"Comment\",\"target\":[\"https:\\\/\\\/www.helgaseewann.de\\\/2014\\\/10\\\/19\\\/theodoros-boulgarides\\\/#respond\"]}]},{\"@type\":\"WebPage\",\"@id\":\"https:\\\/\\\/www.helgaseewann.de\\\/2014\\\/10\\\/19\\\/theodoros-boulgarides\\\/\",\"url\":\"https:\\\/\\\/www.helgaseewann.de\\\/2014\\\/10\\\/19\\\/theodoros-boulgarides\\\/\",\"name\":\"Theodoros Boulgarides - Helga Seewann\",\"isPartOf\":{\"@id\":\"https:\\\/\\\/www.helgaseewann.de\\\/#website\"},\"primaryImageOfPage\":{\"@id\":\"https:\\\/\\\/www.helgaseewann.de\\\/2014\\\/10\\\/19\\\/theodoros-boulgarides\\\/#primaryimage\"},\"image\":{\"@id\":\"https:\\\/\\\/www.helgaseewann.de\\\/2014\\\/10\\\/19\\\/theodoros-boulgarides\\\/#primaryimage\"},\"thumbnailUrl\":\"https:\\\/\\\/www.helgaseewann.de\\\/wp-content\\\/uploads\\\/2022\\\/03\\\/gedenktanz-theodoros-boulgarides-seewann-1.jpg\",\"datePublished\":\"2014-10-19T16:46:10+00:00\",\"dateModified\":\"2022-11-10T16:27:32+00:00\",\"description\":\"Helga Seewann performed a memorial dance for Theodoros Boulgarides, a victim of the \u201cNSU\u201d, in St. Paul \u2013 as part of westendstudios 14.\",\"breadcrumb\":{\"@id\":\"https:\\\/\\\/www.helgaseewann.de\\\/2014\\\/10\\\/19\\\/theodoros-boulgarides\\\/#breadcrumb\"},\"inLanguage\":\"en-US\",\"potentialAction\":[{\"@type\":\"ReadAction\",\"target\":[\"https:\\\/\\\/www.helgaseewann.de\\\/2014\\\/10\\\/19\\\/theodoros-boulgarides\\\/\"]}]},{\"@type\":\"ImageObject\",\"inLanguage\":\"en-US\",\"@id\":\"https:\\\/\\\/www.helgaseewann.de\\\/2014\\\/10\\\/19\\\/theodoros-boulgarides\\\/#primaryimage\",\"url\":\"https:\\\/\\\/www.helgaseewann.de\\\/wp-content\\\/uploads\\\/2022\\\/03\\\/gedenktanz-theodoros-boulgarides-seewann-1.jpg\",\"contentUrl\":\"https:\\\/\\\/www.helgaseewann.de\\\/wp-content\\\/uploads\\\/2022\\\/03\\\/gedenktanz-theodoros-boulgarides-seewann-1.jpg\",\"width\":2000,\"height\":1125},{\"@type\":\"BreadcrumbList\",\"@id\":\"https:\\\/\\\/www.helgaseewann.de\\\/2014\\\/10\\\/19\\\/theodoros-boulgarides\\\/#breadcrumb\",\"itemListElement\":[{\"@type\":\"ListItem\",\"position\":1,\"name\":\"Startseite\",\"item\":\"https:\\\/\\\/www.helgaseewann.de\\\/en\\\/\"},{\"@type\":\"ListItem\",\"position\":2,\"name\":\"Theodoros Boulgarides\"}]},{\"@type\":\"WebSite\",\"@id\":\"https:\\\/\\\/www.helgaseewann.de\\\/#website\",\"url\":\"https:\\\/\\\/www.helgaseewann.de\\\/\",\"name\":\"Helga Seewann\",\"description\":\"Internetauftritt der zeitgen\u00f6ssischen T\u00e4nzerin, Trauer- und Gedenkt\u00e4nzerin und Choreografin\",\"publisher\":{\"@id\":\"https:\\\/\\\/www.helgaseewann.de\\\/#organization\"},\"potentialAction\":[{\"@type\":\"SearchAction\",\"target\":{\"@type\":\"EntryPoint\",\"urlTemplate\":\"https:\\\/\\\/www.helgaseewann.de\\\/?s={search_term_string}\"},\"query-input\":{\"@type\":\"PropertyValueSpecification\",\"valueRequired\":true,\"valueName\":\"search_term_string\"}}],\"inLanguage\":\"en-US\"},{\"@type\":\"Organization\",\"@id\":\"https:\\\/\\\/www.helgaseewann.de\\\/#organization\",\"name\":\"Helga Seewann \u2013 K\u00f6rperarbeit, Tanz\",\"url\":\"https:\\\/\\\/www.helgaseewann.de\\\/\",\"logo\":{\"@type\":\"ImageObject\",\"inLanguage\":\"en-US\",\"@id\":\"https:\\\/\\\/www.helgaseewann.de\\\/#\\\/schema\\\/logo\\\/image\\\/\",\"url\":\"https:\\\/\\\/www.helgaseewann.de\\\/wp-content\\\/uploads\\\/2022\\\/06\\\/helga-seewann-logo-scaled.jpg\",\"contentUrl\":\"https:\\\/\\\/www.helgaseewann.de\\\/wp-content\\\/uploads\\\/2022\\\/06\\\/helga-seewann-logo-scaled.jpg\",\"width\":2560,\"height\":1533,\"caption\":\"Helga Seewann \u2013 K\u00f6rperarbeit, Tanz\"},\"image\":{\"@id\":\"https:\\\/\\\/www.helgaseewann.de\\\/#\\\/schema\\\/logo\\\/image\\\/\"}},{\"@type\":\"Person\",\"@id\":\"https:\\\/\\\/www.helgaseewann.de\\\/#\\\/schema\\\/person\\\/bb9101d56bdceb19221f92f3fee209e8\",\"name\":\"Wolfgang\",\"image\":{\"@type\":\"ImageObject\",\"inLanguage\":\"en-US\",\"@id\":\"https:\\\/\\\/secure.gravatar.com\\\/avatar\\\/052ba266d7a93052712bf04ec78891f7549e4a7db607440bf87fb061098b5f17?s=96&d=mm&r=g\",\"url\":\"https:\\\/\\\/secure.gravatar.com\\\/avatar\\\/052ba266d7a93052712bf04ec78891f7549e4a7db607440bf87fb061098b5f17?s=96&d=mm&r=g\",\"contentUrl\":\"https:\\\/\\\/secure.gravatar.com\\\/avatar\\\/052ba266d7a93052712bf04ec78891f7549e4a7db607440bf87fb061098b5f17?s=96&d=mm&r=g\",\"caption\":\"Wolfgang\"},\"sameAs\":[\"http:\\\/\\\/dev.helgaseewann.de\"],\"url\":\"https:\\\/\\\/www.helgaseewann.de\\\/en\\\/author\\\/wolfgang\\\/\"}]}<\/script>\n<!-- \/ Yoast SEO plugin. -->","yoast_head_json":{"title":"Theodoros Boulgarides - Helga Seewann","description":"Helga Seewann performed a memorial dance for Theodoros Boulgarides, a victim of the \u201cNSU\u201d, in St. Paul \u2013 as part of westendstudios 14.","robots":{"index":"index","follow":"follow","max-snippet":"max-snippet:-1","max-image-preview":"max-image-preview:large","max-video-preview":"max-video-preview:-1"},"canonical":"https:\/\/www.helgaseewann.de\/2014\/10\/19\/theodoros-boulgarides\/","og_locale":"en_US","og_type":"article","og_title":"Theodoros Boulgarides - Helga Seewann","og_description":"Helga Seewann performed a memorial dance for Theodoros Boulgarides, a victim of the \u201cNSU\u201d, in St. Paul \u2013 as part of westendstudios 14.","og_url":"https:\/\/www.helgaseewann.de\/2014\/10\/19\/theodoros-boulgarides\/","og_site_name":"Helga Seewann","article_published_time":"2014-10-19T16:46:10+00:00","article_modified_time":"2022-11-10T16:27:32+00:00","og_image":[{"width":2000,"height":1125,"url":"https:\/\/www.helgaseewann.de\/wp-content\/uploads\/2022\/03\/gedenktanz-theodoros-boulgarides-seewann-1.jpg","type":"image\/jpeg"}],"author":"Wolfgang","twitter_card":"summary_large_image","twitter_misc":{"Written by":"Wolfgang"},"schema":{"@context":"https:\/\/schema.org","@graph":[{"@type":"Article","@id":"https:\/\/www.helgaseewann.de\/2014\/10\/19\/theodoros-boulgarides\/#article","isPartOf":{"@id":"https:\/\/www.helgaseewann.de\/2014\/10\/19\/theodoros-boulgarides\/"},"author":{"name":"Wolfgang","@id":"https:\/\/www.helgaseewann.de\/#\/schema\/person\/bb9101d56bdceb19221f92f3fee209e8"},"headline":"Theodoros Boulgarides","datePublished":"2014-10-19T16:46:10+00:00","dateModified":"2022-11-10T16:27:32+00:00","mainEntityOfPage":{"@id":"https:\/\/www.helgaseewann.de\/2014\/10\/19\/theodoros-boulgarides\/"},"wordCount":44,"commentCount":0,"publisher":{"@id":"https:\/\/www.helgaseewann.de\/#organization"},"image":{"@id":"https:\/\/www.helgaseewann.de\/2014\/10\/19\/theodoros-boulgarides\/#primaryimage"},"thumbnailUrl":"https:\/\/www.helgaseewann.de\/wp-content\/uploads\/2022\/03\/gedenktanz-theodoros-boulgarides-seewann-1.jpg","articleSection":["Memorial dance","Project archive"],"inLanguage":"en-US","potentialAction":[{"@type":"CommentAction","name":"Comment","target":["https:\/\/www.helgaseewann.de\/2014\/10\/19\/theodoros-boulgarides\/#respond"]}]},{"@type":"WebPage","@id":"https:\/\/www.helgaseewann.de\/2014\/10\/19\/theodoros-boulgarides\/","url":"https:\/\/www.helgaseewann.de\/2014\/10\/19\/theodoros-boulgarides\/","name":"Theodoros Boulgarides - Helga Seewann","isPartOf":{"@id":"https:\/\/www.helgaseewann.de\/#website"},"primaryImageOfPage":{"@id":"https:\/\/www.helgaseewann.de\/2014\/10\/19\/theodoros-boulgarides\/#primaryimage"},"image":{"@id":"https:\/\/www.helgaseewann.de\/2014\/10\/19\/theodoros-boulgarides\/#primaryimage"},"thumbnailUrl":"https:\/\/www.helgaseewann.de\/wp-content\/uploads\/2022\/03\/gedenktanz-theodoros-boulgarides-seewann-1.jpg","datePublished":"2014-10-19T16:46:10+00:00","dateModified":"2022-11-10T16:27:32+00:00","description":"Helga Seewann performed a memorial dance for Theodoros Boulgarides, a victim of the \u201cNSU\u201d, in St. Paul \u2013 as part of westendstudios 14.","breadcrumb":{"@id":"https:\/\/www.helgaseewann.de\/2014\/10\/19\/theodoros-boulgarides\/#breadcrumb"},"inLanguage":"en-US","potentialAction":[{"@type":"ReadAction","target":["https:\/\/www.helgaseewann.de\/2014\/10\/19\/theodoros-boulgarides\/"]}]},{"@type":"ImageObject","inLanguage":"en-US","@id":"https:\/\/www.helgaseewann.de\/2014\/10\/19\/theodoros-boulgarides\/#primaryimage","url":"https:\/\/www.helgaseewann.de\/wp-content\/uploads\/2022\/03\/gedenktanz-theodoros-boulgarides-seewann-1.jpg","contentUrl":"https:\/\/www.helgaseewann.de\/wp-content\/uploads\/2022\/03\/gedenktanz-theodoros-boulgarides-seewann-1.jpg","width":2000,"height":1125},{"@type":"BreadcrumbList","@id":"https:\/\/www.helgaseewann.de\/2014\/10\/19\/theodoros-boulgarides\/#breadcrumb","itemListElement":[{"@type":"ListItem","position":1,"name":"Startseite","item":"https:\/\/www.helgaseewann.de\/en\/"},{"@type":"ListItem","position":2,"name":"Theodoros Boulgarides"}]},{"@type":"WebSite","@id":"https:\/\/www.helgaseewann.de\/#website","url":"https:\/\/www.helgaseewann.de\/","name":"Helga Seewann","description":"Internetauftritt der zeitgen\u00f6ssischen T\u00e4nzerin, Trauer- und Gedenkt\u00e4nzerin und Choreografin","publisher":{"@id":"https:\/\/www.helgaseewann.de\/#organization"},"potentialAction":[{"@type":"SearchAction","target":{"@type":"EntryPoint","urlTemplate":"https:\/\/www.helgaseewann.de\/?s={search_term_string}"},"query-input":{"@type":"PropertyValueSpecification","valueRequired":true,"valueName":"search_term_string"}}],"inLanguage":"en-US"},{"@type":"Organization","@id":"https:\/\/www.helgaseewann.de\/#organization","name":"Helga Seewann \u2013 K\u00f6rperarbeit, Tanz","url":"https:\/\/www.helgaseewann.de\/","logo":{"@type":"ImageObject","inLanguage":"en-US","@id":"https:\/\/www.helgaseewann.de\/#\/schema\/logo\/image\/","url":"https:\/\/www.helgaseewann.de\/wp-content\/uploads\/2022\/06\/helga-seewann-logo-scaled.jpg","contentUrl":"https:\/\/www.helgaseewann.de\/wp-content\/uploads\/2022\/06\/helga-seewann-logo-scaled.jpg","width":2560,"height":1533,"caption":"Helga Seewann \u2013 K\u00f6rperarbeit, Tanz"},"image":{"@id":"https:\/\/www.helgaseewann.de\/#\/schema\/logo\/image\/"}},{"@type":"Person","@id":"https:\/\/www.helgaseewann.de\/#\/schema\/person\/bb9101d56bdceb19221f92f3fee209e8","name":"Wolfgang","image":{"@type":"ImageObject","inLanguage":"en-US","@id":"https:\/\/secure.gravatar.com\/avatar\/052ba266d7a93052712bf04ec78891f7549e4a7db607440bf87fb061098b5f17?s=96&d=mm&r=g","url":"https:\/\/secure.gravatar.com\/avatar\/052ba266d7a93052712bf04ec78891f7549e4a7db607440bf87fb061098b5f17?s=96&d=mm&r=g","contentUrl":"https:\/\/secure.gravatar.com\/avatar\/052ba266d7a93052712bf04ec78891f7549e4a7db607440bf87fb061098b5f17?s=96&d=mm&r=g","caption":"Wolfgang"},"sameAs":["http:\/\/dev.helgaseewann.de"],"url":"https:\/\/www.helgaseewann.de\/en\/author\/wolfgang\/"}]}},"_links":{"self":[{"href":"https:\/\/www.helgaseewann.de\/en\/wp-json\/wp\/v2\/posts\/7109","targetHints":{"allow":["GET"]}}],"collection":[{"href":"https:\/\/www.helgaseewann.de\/en\/wp-json\/wp\/v2\/posts"}],"about":[{"href":"https:\/\/www.helgaseewann.de\/en\/wp-json\/wp\/v2\/types\/post"}],"author":[{"embeddable":true,"href":"https:\/\/www.helgaseewann.de\/en\/wp-json\/wp\/v2\/users\/1"}],"replies":[{"embeddable":true,"href":"https:\/\/www.helgaseewann.de\/en\/wp-json\/wp\/v2\/comments?post=7109"}],"version-history":[{"count":5,"href":"https:\/\/www.helgaseewann.de\/en\/wp-json\/wp\/v2\/posts\/7109\/revisions"}],"predecessor-version":[{"id":7403,"href":"https:\/\/www.helgaseewann.de\/en\/wp-json\/wp\/v2\/posts\/7109\/revisions\/7403"}],"wp:featuredmedia":[{"embeddable":true,"href":"https:\/\/www.helgaseewann.de\/en\/wp-json\/wp\/v2\/media\/6845"}],"wp:attachment":[{"href":"https:\/\/www.helgaseewann.de\/en\/wp-json\/wp\/v2\/media?parent=7109"}],"wp:term":[{"taxonomy":"category","embeddable":true,"href":"https:\/\/www.helgaseewann.de\/en\/wp-json\/wp\/v2\/categories?post=7109"},{"taxonomy":"post_tag","embeddable":true,"href":"https:\/\/www.helgaseewann.de\/en\/wp-json\/wp\/v2\/tags?post=7109"}],"curies":[{"name":"wp","href":"https:\/\/api.w.org\/{rel}","templated":true}]}}